{"id":38732,"date":"2026-02-04T19:13:07","date_gmt":"2026-02-04T18:13:07","guid":{"rendered":"https:\/\/www.golfdaro.com\/?p=38732"},"modified":"2026-02-04T19:13:07","modified_gmt":"2026-02-04T18:13:07","slug":"la-fondation-jordi-comas-matamala-et-le-club-golf-daro-encouragent-le-tourisme-sur-la-costa-brava","status":"publish","type":"post","link":"https:\/\/www.golfdaro.com\/fr\/la-fondation-jordi-comas-matamala-et-le-club-golf-daro-encouragent-le-tourisme-sur-la-costa-brava\/","title":{"rendered":"La Fondation Jordi Comas Matamala et le Club Golf d&rsquo;Aro encouragent le tourisme sur la Costa Brava"},"content":{"rendered":"\t\t<div data-elementor-type=\"wp-post\" data-elementor-id=\"38732\" class=\"elementor elementor-38732 elementor-38710\" data-elementor-post-type=\"post\">\n\t\t\t\t<div class=\"elementor-element elementor-element-81d6b0e e-flex e-con-boxed e-con e-parent\" data-id=\"81d6b0e\" data-element_type=\"container\" data-e-type=\"container\">\n\t\t\t\t\t<div class=\"e-con-inner\">\n\t\t\t\t<div class=\"elementor-element elementor-element-9a55138 elementor-widget elementor-widget-heading\" data-id=\"9a55138\" data-element_type=\"widget\" data-e-type=\"widget\" data-widget_type=\"heading.default\">\n\t\t\t\t<div class=\"elementor-widget-container\">\n\t\t\t\t\t<h2 class=\"elementor-heading-title elementor-size-default\">Un accord pour promouvoir le golf et le tourisme durable sur la Costa Brava<\/h2>\t\t\t\t<\/div>\n\t\t\t\t<\/div>\n\t\t\t\t<div class=\"elementor-element elementor-element-c258fd2 elementor-widget elementor-widget-text-editor\" data-id=\"c258fd2\" data-element_type=\"widget\" data-e-type=\"widget\" data-widget_type=\"text-editor.default\">\n\t\t\t\t<div class=\"elementor-widget-container\">\n\t\t\t\t\t\t\t\t\t<p data-start=\"537\" data-end=\"854\"><strong data-start=\"537\" data-end=\"576\">Platja d&rsquo;Aro, 04 f\u00e9vrier 2026<\/strong> &#8211; <strong>La <a href=\"https:\/\/www.fundaciojordicomas.org\/\">Fondation Jordi Comas Matamala<\/a> et le Club Golf d&rsquo;Aro Mas Nou<\/strong> ont sign\u00e9 un accord de collaboration. L&rsquo;objectif de cet accord est de renforcer la diffusion des initiatives qui contribuent au d\u00e9veloppement d&rsquo;un tourisme plus efficace, durable et engag\u00e9 sur la Costa Brava.<\/p><p data-start=\"537\" data-end=\"854\"> <\/p><p data-start=\"856\" data-end=\"1040\">La pr\u00e9sidente de la Fondation Jordi Comas Matamala, <strong data-start=\"908\" data-end=\"933\">Carme Hospital i Poch<\/strong>, et la directrice du Club Golf d&rsquo;Aro Mas Nou, <strong data-start=\"977\" data-end=\"999\">Roc\u00edo Aranda Reyes<\/strong>, ont sign\u00e9 l&rsquo;accord \u00e0 Platja d&rsquo;Aro.<\/p><p data-start=\"856\" data-end=\"1040\"> <\/p><p data-start=\"1042\" data-end=\"1549\">Par cet accord, le Club Golf d&rsquo;Aro Mas Nou soutiendra la diffusion des activit\u00e9s promues par la Fondation tout au long de l&rsquo;ann\u00e9e. Ces actions encouragent la r\u00e9flexion, la planification et la cr\u00e9ation d&rsquo;une pens\u00e9e touristique orient\u00e9e vers l&rsquo;excellence de la destination. Parmi les principales initiatives, citons le <strong data-start=\"1356\" data-end=\"1380\">M\u00e9morial Jordi Comas<\/strong>, les <strong data-start=\"1386\" data-end=\"1440\">Prix T du Tourisme, du Territoire et de la Transversalit\u00e9<\/strong>, les <strong data-start=\"1446\" data-end=\"1471\">forums de conf\u00e9renciers<\/strong>, les <strong data-start=\"1477\" data-end=\"1503\">sessions de d\u00e9bat du TTS<\/strong> et le <strong data-start=\"1509\" data-end=\"1548\">Prix Jordi Comas de la Recherche<\/strong>.  <\/p><p data-start=\"1042\" data-end=\"1549\"> <\/p><p data-start=\"1551\" data-end=\"1979\">De son c\u00f4t\u00e9, la Fondation Jordi Comas Matamala fera conna\u00eetre les actions du Club Golf d&rsquo;Aro Mas Nou aupr\u00e8s de ses collaborateurs et amis. Ces initiatives sont ax\u00e9es sur le <strong data-start=\"1728\" data-end=\"1736\">golf<\/strong>, la <strong data-start=\"1741\" data-end=\"1776\">promotion du tourisme sportif<\/strong> et la <strong data-start=\"1782\" data-end=\"1814\">projection de la Costa Brava<\/strong>. Les deux organisations s\u00e9lectionneront conjointement les propositions les plus int\u00e9ressantes, renfor\u00e7ant ainsi une relation bas\u00e9e sur la coop\u00e9ration et la responsabilit\u00e9 sociale.  <\/p><p data-start=\"1551\" data-end=\"1979\"> <\/p><p data-start=\"1981\" data-end=\"2415\">Cet accord refl\u00e8te la volont\u00e9 commune des deux institutions de travailler ensemble pour renforcer le tourisme sur la Costa Brava. L&rsquo;objectif est de le consolider en tant que principal moteur \u00e9conomique et social de la r\u00e9gion, en promouvant des valeurs telles que la durabilit\u00e9, la formation et la transversalit\u00e9. Cette collaboration s&rsquo;inscrit \u00e9galement dans le cadre d&rsquo;\u00e9v\u00e9nements internationaux majeurs qui marqueront l&rsquo;avenir du golf, comme la <strong data-start=\"2393\" data-end=\"2414\">Ryder Cup en 2031<\/strong>.  <\/p>\t\t\t\t\t\t\t\t<\/div>\n\t\t\t\t<\/div>\n\t\t\t\t\t<\/div>\n\t\t\t\t<\/div>\n\t\t<div class=\"elementor-element elementor-element-95ff43c e-flex e-con-boxed e-con e-parent\" data-id=\"95ff43c\" data-element_type=\"container\" data-e-type=\"container\">\n\t\t\t\t\t<div class=\"e-con-inner\">\n\t\t\t\t<div class=\"elementor-element elementor-element-31e734f elementor-widget elementor-widget-image\" data-id=\"31e734f\" data-element_type=\"widget\" data-e-type=\"widget\" data-widget_type=\"image.default\">\n\t\t\t\t<div class=\"elementor-widget-container\">\n\t\t\t\t\t\t\t\t\t\t\t\t\t\t\t<img fetchpriority=\"high\" decoding=\"async\" width=\"394\" height=\"394\" src=\"https:\/\/www.golfdaro.com\/wp-content\/uploads\/2026\/02\/conveni-golf-daro-fundacio-jordi-comas--394x394.jpg\" class=\"attachment-th_img_sm_square size-th_img_sm_square wp-image-38747\" alt=\"\" srcset=\"https:\/\/www.golfdaro.com\/wp-content\/uploads\/2026\/02\/conveni-golf-daro-fundacio-jordi-comas--394x394.jpg 394w, https:\/\/www.golfdaro.com\/wp-content\/uploads\/2026\/02\/conveni-golf-daro-fundacio-jordi-comas--150x150.jpg 150w, https:\/\/www.golfdaro.com\/wp-content\/uploads\/2026\/02\/conveni-golf-daro-fundacio-jordi-comas--605x605.jpg 605w, https:\/\/www.golfdaro.com\/wp-content\/uploads\/2026\/02\/conveni-golf-daro-fundacio-jordi-comas--500x500.jpg 500w, https:\/\/www.golfdaro.com\/wp-content\/uploads\/2026\/02\/conveni-golf-daro-fundacio-jordi-comas--100x100.jpg 100w\" sizes=\"(max-width: 394px) 100vw, 394px\" \/>\t\t\t\t\t\t\t\t\t\t\t\t\t\t\t<\/div>\n\t\t\t\t<\/div>\n\t\t\t\t\t<\/div>\n\t\t\t\t<\/div>\n\t\t\t\t<\/div>\n\t\t","protected":false},"excerpt":{"rendered":"<p>La Fondation Jordi Comas Matamala et le Club Golf d&rsquo;Aro Mas Nou unissent leurs forces pour promouvoir le golf et le tourisme durable sur la Costa Brava, en renfor\u00e7ant la coop\u00e9ration entre les entit\u00e9s et le positionnement de la destination. &hellip; <a href=\"https:\/\/www.golfdaro.com\/fr\/la-fondation-jordi-comas-matamala-et-le-club-golf-daro-encouragent-le-tourisme-sur-la-costa-brava\/\">Read More<\/a><\/p>\n","protected":false},"author":2,"featured_media":38747,"comment_status":"closed","ping_status":"closed","sticky":false,"template":"","format":"standard","meta":{"_eb_attr":"","footnotes":""},"categories":[254,337],"tags":[],"class_list":["post-38732","post","type-post","status-publish","format-standard","has-post-thumbnail","hentry","category-activites-club","category-tourisme-et-environnement"],"yoast_head":"<!-- This site is optimized with the Yoast SEO plugin v27.4 - https:\/\/yoast.com\/product\/yoast-seo-wordpress\/ -->\n<title>Golf et tourisme sur la Costa Brava<\/title>\n<meta name=\"description\" content=\"Accord entre la Fondation Jordi Comas Matamala et le Club Golf d&#039;Aro pour promouvoir le golf, le tourisme durable et la Costa Brava.\" \/>\n<meta name=\"robots\" content=\"index, follow, max-snippet:-1, max-image-preview:large, max-video-preview:-1\" \/>\n<link rel=\"canonical\" href=\"https:\/\/www.golfdaro.com\/fr\/la-fondation-jordi-comas-matamala-et-le-club-golf-daro-encouragent-le-tourisme-sur-la-costa-brava\/\" \/>\n<meta property=\"og:locale\" content=\"fr_FR\" \/>\n<meta property=\"og:type\" content=\"article\" \/>\n<meta property=\"og:title\" content=\"Golf et tourisme sur la Costa Brava\" \/>\n<meta property=\"og:description\" content=\"Accord entre la Fondation Jordi Comas Matamala et le Club Golf d&#039;Aro pour promouvoir le golf, le tourisme durable et la Costa Brava.\" \/>\n<meta property=\"og:url\" content=\"https:\/\/www.golfdaro.com\/fr\/la-fondation-jordi-comas-matamala-et-le-club-golf-daro-encouragent-le-tourisme-sur-la-costa-brava\/\" \/>\n<meta property=\"og:site_name\" content=\"Club Golf d&#039;Aro\" \/>\n<meta property=\"article:publisher\" content=\"https:\/\/www.facebook.com\/golfdaro\/\" \/>\n<meta property=\"article:published_time\" content=\"2026-02-04T18:13:07+00:00\" \/>\n<meta property=\"og:image\" content=\"https:\/\/www.golfdaro.com\/wp-content\/uploads\/2026\/02\/conveni-golf-daro-fundacio-jordi-comas--scaled.jpg\" \/>\n\t<meta property=\"og:image:width\" content=\"2560\" \/>\n\t<meta property=\"og:image:height\" content=\"2261\" \/>\n\t<meta property=\"og:image:type\" content=\"image\/jpeg\" \/>\n<meta name=\"author\" content=\"Golf d&#039;Aro\" \/>\n<meta name=\"twitter:card\" content=\"summary_large_image\" \/>\n<meta name=\"twitter:creator\" content=\"@soporte@lynkoo.com\" \/>\n<meta name=\"twitter:site\" content=\"@golfdaro\" \/>\n<meta name=\"twitter:label1\" content=\"\u00c9crit par\" \/>\n\t<meta name=\"twitter:data1\" content=\"Golf d&#039;Aro\" \/>\n\t<meta name=\"twitter:label2\" content=\"Dur\u00e9e de lecture estim\u00e9e\" \/>\n\t<meta name=\"twitter:data2\" content=\"2 minutes\" \/>\n<script type=\"application\/ld+json\" class=\"yoast-schema-graph\">{\"@context\":\"https:\\\/\\\/schema.org\",\"@graph\":[{\"@type\":\"Article\",\"@id\":\"https:\\\/\\\/www.golfdaro.com\\\/fr\\\/la-fondation-jordi-comas-matamala-et-le-club-golf-daro-encouragent-le-tourisme-sur-la-costa-brava\\\/#article\",\"isPartOf\":{\"@id\":\"https:\\\/\\\/www.golfdaro.com\\\/fr\\\/la-fondation-jordi-comas-matamala-et-le-club-golf-daro-encouragent-le-tourisme-sur-la-costa-brava\\\/\"},\"author\":{\"name\":\"Golf d'Aro\",\"@id\":\"https:\\\/\\\/www.golfdaro.com\\\/fr\\\/#\\\/schema\\\/person\\\/980cd1eadf261947ed9cebb018f36fd2\"},\"headline\":\"La Fondation Jordi Comas Matamala et le Club Golf d&rsquo;Aro encouragent le tourisme sur la Costa Brava\",\"datePublished\":\"2026-02-04T18:13:07+00:00\",\"mainEntityOfPage\":{\"@id\":\"https:\\\/\\\/www.golfdaro.com\\\/fr\\\/la-fondation-jordi-comas-matamala-et-le-club-golf-daro-encouragent-le-tourisme-sur-la-costa-brava\\\/\"},\"wordCount\":364,\"publisher\":{\"@id\":\"https:\\\/\\\/www.golfdaro.com\\\/fr\\\/#organization\"},\"image\":{\"@id\":\"https:\\\/\\\/www.golfdaro.com\\\/fr\\\/la-fondation-jordi-comas-matamala-et-le-club-golf-daro-encouragent-le-tourisme-sur-la-costa-brava\\\/#primaryimage\"},\"thumbnailUrl\":\"https:\\\/\\\/www.golfdaro.com\\\/wp-content\\\/uploads\\\/2026\\\/02\\\/conveni-golf-daro-fundacio-jordi-comas--scaled.jpg\",\"articleSection\":[\"Activit\u00e9s Club\",\"Tourisme et environnement\"],\"inLanguage\":\"fr-FR\"},{\"@type\":\"WebPage\",\"@id\":\"https:\\\/\\\/www.golfdaro.com\\\/fr\\\/la-fondation-jordi-comas-matamala-et-le-club-golf-daro-encouragent-le-tourisme-sur-la-costa-brava\\\/\",\"url\":\"https:\\\/\\\/www.golfdaro.com\\\/fr\\\/la-fondation-jordi-comas-matamala-et-le-club-golf-daro-encouragent-le-tourisme-sur-la-costa-brava\\\/\",\"name\":\"Golf et tourisme sur la Costa Brava\",\"isPartOf\":{\"@id\":\"https:\\\/\\\/www.golfdaro.com\\\/fr\\\/#website\"},\"primaryImageOfPage\":{\"@id\":\"https:\\\/\\\/www.golfdaro.com\\\/fr\\\/la-fondation-jordi-comas-matamala-et-le-club-golf-daro-encouragent-le-tourisme-sur-la-costa-brava\\\/#primaryimage\"},\"image\":{\"@id\":\"https:\\\/\\\/www.golfdaro.com\\\/fr\\\/la-fondation-jordi-comas-matamala-et-le-club-golf-daro-encouragent-le-tourisme-sur-la-costa-brava\\\/#primaryimage\"},\"thumbnailUrl\":\"https:\\\/\\\/www.golfdaro.com\\\/wp-content\\\/uploads\\\/2026\\\/02\\\/conveni-golf-daro-fundacio-jordi-comas--scaled.jpg\",\"datePublished\":\"2026-02-04T18:13:07+00:00\",\"description\":\"Accord entre la Fondation Jordi Comas Matamala et le Club Golf d'Aro pour promouvoir le golf, le tourisme durable et la Costa Brava.\",\"breadcrumb\":{\"@id\":\"https:\\\/\\\/www.golfdaro.com\\\/fr\\\/la-fondation-jordi-comas-matamala-et-le-club-golf-daro-encouragent-le-tourisme-sur-la-costa-brava\\\/#breadcrumb\"},\"inLanguage\":\"fr-FR\",\"potentialAction\":[{\"@type\":\"ReadAction\",\"target\":[\"https:\\\/\\\/www.golfdaro.com\\\/fr\\\/la-fondation-jordi-comas-matamala-et-le-club-golf-daro-encouragent-le-tourisme-sur-la-costa-brava\\\/\"]}]},{\"@type\":\"ImageObject\",\"inLanguage\":\"fr-FR\",\"@id\":\"https:\\\/\\\/www.golfdaro.com\\\/fr\\\/la-fondation-jordi-comas-matamala-et-le-club-golf-daro-encouragent-le-tourisme-sur-la-costa-brava\\\/#primaryimage\",\"url\":\"https:\\\/\\\/www.golfdaro.com\\\/wp-content\\\/uploads\\\/2026\\\/02\\\/conveni-golf-daro-fundacio-jordi-comas--scaled.jpg\",\"contentUrl\":\"https:\\\/\\\/www.golfdaro.com\\\/wp-content\\\/uploads\\\/2026\\\/02\\\/conveni-golf-daro-fundacio-jordi-comas--scaled.jpg\",\"width\":2560,\"height\":2261},{\"@type\":\"BreadcrumbList\",\"@id\":\"https:\\\/\\\/www.golfdaro.com\\\/fr\\\/la-fondation-jordi-comas-matamala-et-le-club-golf-daro-encouragent-le-tourisme-sur-la-costa-brava\\\/#breadcrumb\",\"itemListElement\":[{\"@type\":\"ListItem\",\"position\":1,\"name\":\"Portada\",\"item\":\"https:\\\/\\\/www.golfdaro.com\\\/fr\\\/\"},{\"@type\":\"ListItem\",\"position\":2,\"name\":\"Privado: La Fondation Jordi Comas Matamala et le Club Golf d&#8217;Aro encouragent le tourisme sur la Costa Brava\"}]},{\"@type\":\"WebSite\",\"@id\":\"https:\\\/\\\/www.golfdaro.com\\\/fr\\\/#website\",\"url\":\"https:\\\/\\\/www.golfdaro.com\\\/fr\\\/\",\"name\":\"Club Golf d&#039;Aro\",\"description\":\"Vistas Impresionantes. Sin interrupciones\",\"publisher\":{\"@id\":\"https:\\\/\\\/www.golfdaro.com\\\/fr\\\/#organization\"},\"potentialAction\":[{\"@type\":\"SearchAction\",\"target\":{\"@type\":\"EntryPoint\",\"urlTemplate\":\"https:\\\/\\\/www.golfdaro.com\\\/fr\\\/?s={search_term_string}\"},\"query-input\":{\"@type\":\"PropertyValueSpecification\",\"valueRequired\":true,\"valueName\":\"search_term_string\"}}],\"inLanguage\":\"fr-FR\"},{\"@type\":\"Organization\",\"@id\":\"https:\\\/\\\/www.golfdaro.com\\\/fr\\\/#organization\",\"name\":\"Club Golf d'Aro - Mas Nou\",\"url\":\"https:\\\/\\\/www.golfdaro.com\\\/fr\\\/\",\"logo\":{\"@type\":\"ImageObject\",\"inLanguage\":\"fr-FR\",\"@id\":\"https:\\\/\\\/www.golfdaro.com\\\/fr\\\/#\\\/schema\\\/logo\\\/image\\\/\",\"url\":\"https:\\\/\\\/www.golfdaro.com\\\/wp-content\\\/uploads\\\/2021\\\/01\\\/Logo-Golf-Aro-transparent.png\",\"contentUrl\":\"https:\\\/\\\/www.golfdaro.com\\\/wp-content\\\/uploads\\\/2021\\\/01\\\/Logo-Golf-Aro-transparent.png\",\"width\":100,\"height\":100,\"caption\":\"Club Golf d'Aro - Mas Nou\"},\"image\":{\"@id\":\"https:\\\/\\\/www.golfdaro.com\\\/fr\\\/#\\\/schema\\\/logo\\\/image\\\/\"},\"sameAs\":[\"https:\\\/\\\/www.facebook.com\\\/golfdaro\\\/\",\"https:\\\/\\\/x.com\\\/golfdaro\",\"https:\\\/\\\/www.instagram.com\\\/golfdaro\\\/\",\"https:\\\/\\\/www.youtube.com\\\/channel\\\/UC728WxtMLhPa1qUCnMemzLQ\"]},{\"@type\":\"Person\",\"@id\":\"https:\\\/\\\/www.golfdaro.com\\\/fr\\\/#\\\/schema\\\/person\\\/980cd1eadf261947ed9cebb018f36fd2\",\"name\":\"Golf d'Aro\",\"image\":{\"@type\":\"ImageObject\",\"inLanguage\":\"fr-FR\",\"@id\":\"https:\\\/\\\/secure.gravatar.com\\\/avatar\\\/0ce322bb7493e42975b90c95840cf0bdfbfb16945a84e02e411a08566e84f20b?s=96&d=mm&r=g\",\"url\":\"https:\\\/\\\/secure.gravatar.com\\\/avatar\\\/0ce322bb7493e42975b90c95840cf0bdfbfb16945a84e02e411a08566e84f20b?s=96&d=mm&r=g\",\"contentUrl\":\"https:\\\/\\\/secure.gravatar.com\\\/avatar\\\/0ce322bb7493e42975b90c95840cf0bdfbfb16945a84e02e411a08566e84f20b?s=96&d=mm&r=g\",\"caption\":\"Golf d'Aro\"},\"sameAs\":[\"https:\\\/\\\/x.com\\\/soporte@lynkoo.com\"]}]}<\/script>\n<!-- \/ Yoast SEO plugin. -->","yoast_head_json":{"title":"Golf et tourisme sur la Costa Brava","description":"Accord entre la Fondation Jordi Comas Matamala et le Club Golf d'Aro pour promouvoir le golf, le tourisme durable et la Costa Brava.","robots":{"index":"index","follow":"follow","max-snippet":"max-snippet:-1","max-image-preview":"max-image-preview:large","max-video-preview":"max-video-preview:-1"},"canonical":"https:\/\/www.golfdaro.com\/fr\/la-fondation-jordi-comas-matamala-et-le-club-golf-daro-encouragent-le-tourisme-sur-la-costa-brava\/","og_locale":"fr_FR","og_type":"article","og_title":"Golf et tourisme sur la Costa Brava","og_description":"Accord entre la Fondation Jordi Comas Matamala et le Club Golf d'Aro pour promouvoir le golf, le tourisme durable et la Costa Brava.","og_url":"https:\/\/www.golfdaro.com\/fr\/la-fondation-jordi-comas-matamala-et-le-club-golf-daro-encouragent-le-tourisme-sur-la-costa-brava\/","og_site_name":"Club Golf d&#039;Aro","article_publisher":"https:\/\/www.facebook.com\/golfdaro\/","article_published_time":"2026-02-04T18:13:07+00:00","og_image":[{"width":2560,"height":2261,"url":"https:\/\/www.golfdaro.com\/wp-content\/uploads\/2026\/02\/conveni-golf-daro-fundacio-jordi-comas--scaled.jpg","type":"image\/jpeg"}],"author":"Golf d'Aro","twitter_card":"summary_large_image","twitter_creator":"@soporte@lynkoo.com","twitter_site":"@golfdaro","twitter_misc":{"\u00c9crit par":"Golf d'Aro","Dur\u00e9e de lecture estim\u00e9e":"2 minutes"},"schema":{"@context":"https:\/\/schema.org","@graph":[{"@type":"Article","@id":"https:\/\/www.golfdaro.com\/fr\/la-fondation-jordi-comas-matamala-et-le-club-golf-daro-encouragent-le-tourisme-sur-la-costa-brava\/#article","isPartOf":{"@id":"https:\/\/www.golfdaro.com\/fr\/la-fondation-jordi-comas-matamala-et-le-club-golf-daro-encouragent-le-tourisme-sur-la-costa-brava\/"},"author":{"name":"Golf d'Aro","@id":"https:\/\/www.golfdaro.com\/fr\/#\/schema\/person\/980cd1eadf261947ed9cebb018f36fd2"},"headline":"La Fondation Jordi Comas Matamala et le Club Golf d&rsquo;Aro encouragent le tourisme sur la Costa Brava","datePublished":"2026-02-04T18:13:07+00:00","mainEntityOfPage":{"@id":"https:\/\/www.golfdaro.com\/fr\/la-fondation-jordi-comas-matamala-et-le-club-golf-daro-encouragent-le-tourisme-sur-la-costa-brava\/"},"wordCount":364,"publisher":{"@id":"https:\/\/www.golfdaro.com\/fr\/#organization"},"image":{"@id":"https:\/\/www.golfdaro.com\/fr\/la-fondation-jordi-comas-matamala-et-le-club-golf-daro-encouragent-le-tourisme-sur-la-costa-brava\/#primaryimage"},"thumbnailUrl":"https:\/\/www.golfdaro.com\/wp-content\/uploads\/2026\/02\/conveni-golf-daro-fundacio-jordi-comas--scaled.jpg","articleSection":["Activit\u00e9s Club","Tourisme et environnement"],"inLanguage":"fr-FR"},{"@type":"WebPage","@id":"https:\/\/www.golfdaro.com\/fr\/la-fondation-jordi-comas-matamala-et-le-club-golf-daro-encouragent-le-tourisme-sur-la-costa-brava\/","url":"https:\/\/www.golfdaro.com\/fr\/la-fondation-jordi-comas-matamala-et-le-club-golf-daro-encouragent-le-tourisme-sur-la-costa-brava\/","name":"Golf et tourisme sur la Costa Brava","isPartOf":{"@id":"https:\/\/www.golfdaro.com\/fr\/#website"},"primaryImageOfPage":{"@id":"https:\/\/www.golfdaro.com\/fr\/la-fondation-jordi-comas-matamala-et-le-club-golf-daro-encouragent-le-tourisme-sur-la-costa-brava\/#primaryimage"},"image":{"@id":"https:\/\/www.golfdaro.com\/fr\/la-fondation-jordi-comas-matamala-et-le-club-golf-daro-encouragent-le-tourisme-sur-la-costa-brava\/#primaryimage"},"thumbnailUrl":"https:\/\/www.golfdaro.com\/wp-content\/uploads\/2026\/02\/conveni-golf-daro-fundacio-jordi-comas--scaled.jpg","datePublished":"2026-02-04T18:13:07+00:00","description":"Accord entre la Fondation Jordi Comas Matamala et le Club Golf d'Aro pour promouvoir le golf, le tourisme durable et la Costa Brava.","breadcrumb":{"@id":"https:\/\/www.golfdaro.com\/fr\/la-fondation-jordi-comas-matamala-et-le-club-golf-daro-encouragent-le-tourisme-sur-la-costa-brava\/#breadcrumb"},"inLanguage":"fr-FR","potentialAction":[{"@type":"ReadAction","target":["https:\/\/www.golfdaro.com\/fr\/la-fondation-jordi-comas-matamala-et-le-club-golf-daro-encouragent-le-tourisme-sur-la-costa-brava\/"]}]},{"@type":"ImageObject","inLanguage":"fr-FR","@id":"https:\/\/www.golfdaro.com\/fr\/la-fondation-jordi-comas-matamala-et-le-club-golf-daro-encouragent-le-tourisme-sur-la-costa-brava\/#primaryimage","url":"https:\/\/www.golfdaro.com\/wp-content\/uploads\/2026\/02\/conveni-golf-daro-fundacio-jordi-comas--scaled.jpg","contentUrl":"https:\/\/www.golfdaro.com\/wp-content\/uploads\/2026\/02\/conveni-golf-daro-fundacio-jordi-comas--scaled.jpg","width":2560,"height":2261},{"@type":"BreadcrumbList","@id":"https:\/\/www.golfdaro.com\/fr\/la-fondation-jordi-comas-matamala-et-le-club-golf-daro-encouragent-le-tourisme-sur-la-costa-brava\/#breadcrumb","itemListElement":[{"@type":"ListItem","position":1,"name":"Portada","item":"https:\/\/www.golfdaro.com\/fr\/"},{"@type":"ListItem","position":2,"name":"Privado: La Fondation Jordi Comas Matamala et le Club Golf d&#8217;Aro encouragent le tourisme sur la Costa Brava"}]},{"@type":"WebSite","@id":"https:\/\/www.golfdaro.com\/fr\/#website","url":"https:\/\/www.golfdaro.com\/fr\/","name":"Club Golf d&#039;Aro","description":"Vistas Impresionantes. Sin interrupciones","publisher":{"@id":"https:\/\/www.golfdaro.com\/fr\/#organization"},"potentialAction":[{"@type":"SearchAction","target":{"@type":"EntryPoint","urlTemplate":"https:\/\/www.golfdaro.com\/fr\/?s={search_term_string}"},"query-input":{"@type":"PropertyValueSpecification","valueRequired":true,"valueName":"search_term_string"}}],"inLanguage":"fr-FR"},{"@type":"Organization","@id":"https:\/\/www.golfdaro.com\/fr\/#organization","name":"Club Golf d'Aro - Mas Nou","url":"https:\/\/www.golfdaro.com\/fr\/","logo":{"@type":"ImageObject","inLanguage":"fr-FR","@id":"https:\/\/www.golfdaro.com\/fr\/#\/schema\/logo\/image\/","url":"https:\/\/www.golfdaro.com\/wp-content\/uploads\/2021\/01\/Logo-Golf-Aro-transparent.png","contentUrl":"https:\/\/www.golfdaro.com\/wp-content\/uploads\/2021\/01\/Logo-Golf-Aro-transparent.png","width":100,"height":100,"caption":"Club Golf d'Aro - Mas Nou"},"image":{"@id":"https:\/\/www.golfdaro.com\/fr\/#\/schema\/logo\/image\/"},"sameAs":["https:\/\/www.facebook.com\/golfdaro\/","https:\/\/x.com\/golfdaro","https:\/\/www.instagram.com\/golfdaro\/","https:\/\/www.youtube.com\/channel\/UC728WxtMLhPa1qUCnMemzLQ"]},{"@type":"Person","@id":"https:\/\/www.golfdaro.com\/fr\/#\/schema\/person\/980cd1eadf261947ed9cebb018f36fd2","name":"Golf d'Aro","image":{"@type":"ImageObject","inLanguage":"fr-FR","@id":"https:\/\/secure.gravatar.com\/avatar\/0ce322bb7493e42975b90c95840cf0bdfbfb16945a84e02e411a08566e84f20b?s=96&d=mm&r=g","url":"https:\/\/secure.gravatar.com\/avatar\/0ce322bb7493e42975b90c95840cf0bdfbfb16945a84e02e411a08566e84f20b?s=96&d=mm&r=g","contentUrl":"https:\/\/secure.gravatar.com\/avatar\/0ce322bb7493e42975b90c95840cf0bdfbfb16945a84e02e411a08566e84f20b?s=96&d=mm&r=g","caption":"Golf d'Aro"},"sameAs":["https:\/\/x.com\/soporte@lynkoo.com"]}]}},"_links":{"self":[{"href":"https:\/\/www.golfdaro.com\/fr\/wp-json\/wp\/v2\/posts\/38732","targetHints":{"allow":["GET"]}}],"collection":[{"href":"https:\/\/www.golfdaro.com\/fr\/wp-json\/wp\/v2\/posts"}],"about":[{"href":"https:\/\/www.golfdaro.com\/fr\/wp-json\/wp\/v2\/types\/post"}],"author":[{"embeddable":true,"href":"https:\/\/www.golfdaro.com\/fr\/wp-json\/wp\/v2\/users\/2"}],"replies":[{"embeddable":true,"href":"https:\/\/www.golfdaro.com\/fr\/wp-json\/wp\/v2\/comments?post=38732"}],"version-history":[{"count":6,"href":"https:\/\/www.golfdaro.com\/fr\/wp-json\/wp\/v2\/posts\/38732\/revisions"}],"predecessor-version":[{"id":38761,"href":"https:\/\/www.golfdaro.com\/fr\/wp-json\/wp\/v2\/posts\/38732\/revisions\/38761"}],"wp:featuredmedia":[{"embeddable":true,"href":"https:\/\/www.golfdaro.com\/fr\/wp-json\/wp\/v2\/media\/38747"}],"wp:attachment":[{"href":"https:\/\/www.golfdaro.com\/fr\/wp-json\/wp\/v2\/media?parent=38732"}],"wp:term":[{"taxonomy":"category","embeddable":true,"href":"https:\/\/www.golfdaro.com\/fr\/wp-json\/wp\/v2\/categories?post=38732"},{"taxonomy":"post_tag","embeddable":true,"href":"https:\/\/www.golfdaro.com\/fr\/wp-json\/wp\/v2\/tags?post=38732"}],"curies":[{"name":"wp","href":"https:\/\/api.w.org\/{rel}","templated":true}]}}