{"id":38688,"date":"2026-01-29T16:46:51","date_gmt":"2026-01-29T15:46:51","guid":{"rendered":"https:\/\/www.golfdaro.com\/nouvelle-identite-visuelle-du-golf-daro\/"},"modified":"2026-01-29T16:46:51","modified_gmt":"2026-01-29T15:46:51","slug":"nouvelle-identite-visuelle-du-golf-daro","status":"publish","type":"post","link":"https:\/\/www.golfdaro.com\/fr\/nouvelle-identite-visuelle-du-golf-daro\/","title":{"rendered":"Nouvelle identit\u00e9 visuelle du Golf d&rsquo;Aro"},"content":{"rendered":"\t\t<div data-elementor-type=\"wp-post\" data-elementor-id=\"38688\" class=\"elementor elementor-38688 elementor-38591\" data-elementor-post-type=\"post\">\n\t\t\t\t<div class=\"elementor-element elementor-element-729aa78 e-flex e-con-boxed e-con e-parent\" data-id=\"729aa78\" data-element_type=\"container\" data-e-type=\"container\">\n\t\t\t\t\t<div class=\"e-con-inner\">\n\t\t\t\t<div class=\"elementor-element elementor-element-3b593e6 elementor-widget elementor-widget-heading\" data-id=\"3b593e6\" data-element_type=\"widget\" data-e-type=\"widget\" data-widget_type=\"heading.default\">\n\t\t\t\t<div class=\"elementor-widget-container\">\n\t\t\t\t\t<h2 class=\"elementor-heading-title elementor-size-default\"><h2><b>Une \u00e9volution de la marque align\u00e9e sur le pr\u00e9sent et l'avenir du Club Golf d'Aro.<\/b><\/h2><\/h2>\t\t\t\t<\/div>\n\t\t\t\t<\/div>\n\t\t\t\t<div class=\"elementor-element elementor-element-349119c elementor-widget elementor-widget-image\" data-id=\"349119c\" data-element_type=\"widget\" data-e-type=\"widget\" data-widget_type=\"image.default\">\n\t\t\t\t<div class=\"elementor-widget-container\">\n\t\t\t\t\t\t\t\t\t\t\t\t\t\t\t<img fetchpriority=\"high\" decoding=\"async\" width=\"1024\" height=\"724\" src=\"https:\/\/www.golfdaro.com\/wp-content\/uploads\/2026\/01\/logotipos-golf-daro-costa-brava-1024x724.jpg\" class=\"attachment-large size-large wp-image-38685\" alt=\"logos-golf-golf-daro-costa-brava\" srcset=\"https:\/\/www.golfdaro.com\/wp-content\/uploads\/2026\/01\/logotipos-golf-daro-costa-brava-1024x724.jpg 1024w, https:\/\/www.golfdaro.com\/wp-content\/uploads\/2026\/01\/logotipos-golf-daro-costa-brava-300x212.jpg 300w, https:\/\/www.golfdaro.com\/wp-content\/uploads\/2026\/01\/logotipos-golf-daro-costa-brava-768x543.jpg 768w, https:\/\/www.golfdaro.com\/wp-content\/uploads\/2026\/01\/logotipos-golf-daro-costa-brava-1536x1086.jpg 1536w, https:\/\/www.golfdaro.com\/wp-content\/uploads\/2026\/01\/logotipos-golf-daro-costa-brava-2048x1448.jpg 2048w, https:\/\/www.golfdaro.com\/wp-content\/uploads\/2026\/01\/logotipos-golf-daro-costa-brava-65x46.jpg 65w, https:\/\/www.golfdaro.com\/wp-content\/uploads\/2026\/01\/logotipos-golf-daro-costa-brava-113x80.jpg 113w, https:\/\/www.golfdaro.com\/wp-content\/uploads\/2026\/01\/logotipos-golf-daro-costa-brava-394x279.jpg 394w, https:\/\/www.golfdaro.com\/wp-content\/uploads\/2026\/01\/logotipos-golf-daro-costa-brava-915x647.jpg 915w, https:\/\/www.golfdaro.com\/wp-content\/uploads\/2026\/01\/logotipos-golf-daro-costa-brava-1240x877.jpg 1240w, https:\/\/www.golfdaro.com\/wp-content\/uploads\/2026\/01\/logotipos-golf-daro-costa-brava-1528x1080.jpg 1528w, https:\/\/www.golfdaro.com\/wp-content\/uploads\/2026\/01\/logotipos-golf-daro-costa-brava-600x424.jpg 600w\" sizes=\"(max-width: 1024px) 100vw, 1024px\" \/>\t\t\t\t\t\t\t\t\t\t\t\t\t\t\t<\/div>\n\t\t\t\t<\/div>\n\t\t\t\t\t<\/div>\n\t\t\t\t<\/div>\n\t\t<div class=\"elementor-element elementor-element-5da3d76 e-flex e-con-boxed e-con e-parent\" data-id=\"5da3d76\" data-element_type=\"container\" data-e-type=\"container\">\n\t\t\t\t\t<div class=\"e-con-inner\">\n\t\t\t\t<div class=\"elementor-element elementor-element-3cde41e elementor-widget elementor-widget-text-editor\" data-id=\"3cde41e\" data-element_type=\"widget\" data-e-type=\"widget\" data-widget_type=\"text-editor.default\">\n\t\t\t\t<div class=\"elementor-widget-container\">\n\t\t\t\t\t\t\t\t\t<p><span style=\"font-weight: 400;\">Platja d&rsquo;Aro, 14 janvier 2026,<\/span><\/p><p><span style=\"font-weight: 400;\"> <\/span><\/p><p><span style=\"font-weight: 400;\">Au <\/span><b>Club Golf d&rsquo;Aro<\/b><span style=\"font-weight: 400;\"> nous entamons une nouvelle phase avec la pr\u00e9sentation de notre nouvelle identit\u00e9 visuelle <\/span><b>nouvelle identit\u00e9 visuelle et nouveau logo<\/b><span style=\"font-weight: 400;\">Il s&rsquo;agit d&rsquo;une \u00e9volution de notre marque qui refl\u00e8te fid\u00e8lement ce que nous sommes aujourd&rsquo;hui et ce que nous voulons faire \u00e0 l&rsquo;avenir.<\/span><\/p><p><span style=\"font-weight: 400;\"> <\/span><\/p><p><span style=\"font-weight: 400;\">Ce processus de renouvellement est le fruit d&rsquo;une r\u00e9flexion approfondie sur notre histoire, nos valeurs et le contexte actuel du golf. Au fil des ann\u00e9es,   <\/span><b>Le Club Golf d&rsquo;Aro<\/b><span style=\"font-weight: 400;\"> a su \u00e9voluer, s&rsquo;adapter et se consolider en tant que r\u00e9f\u00e9rence sur la Costa Brava, et nous avons estim\u00e9 que notre image devait accompagner cette croissance de mani\u00e8re coh\u00e9rente et moderne, en phase avec les temps nouveaux.<\/span><\/p><p><span style=\"font-weight: 400;\"> <\/span><\/p><p><span style=\"font-weight: 400;\">Le nouveau l<\/span><span style=\"font-weight: 400;\">ogo repr\u00e9sente une mise \u00e0 jour visuelle con\u00e7ue pour r\u00e9pondre aux exigences du pr\u00e9sent et de l&rsquo;avenir. <\/span><b>visuel con\u00e7u pour r\u00e9pondre aux exigences du pr\u00e9sent et de l&rsquo;avenir.<\/b><span style=\"font-weight: 400;\">tout en maintenant le lien avec notre essence et notre histoire. Il ne s&rsquo;agit pas d&rsquo;un changement radical, mais d&rsquo;une r\u00e9interpr\u00e9tation qui nous permet de projeter une image plus contemporaine, \u00e9l\u00e9gante et polyvalente, pr\u00eate \u00e0 coexister dans un environnement de plus en plus num\u00e9rique et mondial. <\/span><\/p><p> <\/p><p><span style=\"font-weight: 400;\">Lors de l&rsquo;\u00e9laboration de cette nouvelle identit\u00e9 visuelle, nous avons opt\u00e9 pour un design plus clair, plus reconnaissable et plus fonctionnel, capable de s&rsquo;adapter facilement \u00e0 tous nos m\u00e9dias et canaux de communication, en ligne et hors ligne. Cette polyvalence nous permet de renforcer la coh\u00e9rence de notre marque et d&rsquo;am\u00e9liorer notre visibilit\u00e9, sans perdre le caract\u00e8re qui nous d\u00e9finit. <\/span><\/p><p><span style=\"font-weight: 400;\"> <\/span><\/p><p><span style=\"font-weight: 400;\">Chaque \u00e9l\u00e9ment du nouveau logo a \u00e9t\u00e9 soigneusement \u00e9labor\u00e9. Les formes, les couleurs et la typographie r\u00e9pondent \u00e0 des concepts tels que la   <\/span><b>tradition, nature, excellence et \u00e9volution<\/b><span style=\"font-weight: 400;\">des valeurs profond\u00e9ment li\u00e9es au Club Golf d&rsquo;Aro et \u00e0 son emplacement privil\u00e9gi\u00e9 sur la Costa Brava. La nouvelle identit\u00e9 cherche \u00e0 transmettre un \u00e9quilibre entre l&rsquo;histoire et la modernit\u00e9, en respectant nos origines et en se projetant avec ambition dans l&rsquo;avenir. <\/span><\/p><p><span style=\"font-weight: 400;\"> <\/span><\/p><p><span style=\"font-weight: 400;\">Ce rebranding s&rsquo;inscrit dans un contexte de croissance et de projection du golf sur la Costa Brava et en Catalogne, avec la c\u00e9l\u00e9bration de la Ryder Cup en 2031 \u00e0 Camiral Golf Wellness. <\/span><b>Ryder Cup en 2031 \u00e0 Camiral Golf &amp; Wellness<\/b><span style=\"font-weight: 400;\">  comme l&rsquo;un des principaux jalons qui marqueront les ann\u00e9es \u00e0 venir. Un sc\u00e9nario qui renforce notre engagement \u00e0 \u00e9voluer constamment et \u00e0 continuer \u00e0 contribuer au positionnement de la r\u00e9gion en tant que destination golfique de premier plan. <\/span><\/p><p><span style=\"font-weight: 400;\"> <\/span><\/p><p><span style=\"font-weight: 400;\">Pour nous, il s&rsquo;agit d&rsquo;une<\/span><span style=\"font-weight: 400;\">e changement d&rsquo;image va bien au-del\u00e0 d&rsquo;une r\u00e9novation esth\u00e9tique. Il s&rsquo;agit d&rsquo;une   <\/span><b>d\u00e9claration d&rsquo;intentions<\/b><span style=\"font-weight: 400;\">Une mani\u00e8re de communiquer que nous continuons \u00e0 aller de l&rsquo;avant, que nous nous engageons \u00e0 nous am\u00e9liorer continuellement et que nous maintenons notre engagement envers nos membres, joueurs et visiteurs, en leur offrant une exp\u00e9rience de golf de qualit\u00e9 dans un environnement unique.<\/span><\/p><p><span style=\"font-weight: 400;\"> <\/span><\/p><p><span style=\"font-weight: 400;\">Cette nouvelle identit\u00e9 visuelle sera progressivement mise en \u0153uvre sur toutes nos plateformes, notre signalisation, notre mat\u00e9riel d&rsquo;entreprise et nos canaux num\u00e9riques, nous accompagnant dans cette nouvelle phase et renfor\u00e7ant notre positionnement en tant que l&rsquo;un des principaux parcours de la Costa Brava.<\/span><\/p><p><span style=\"font-weight: 400;\"> <\/span><\/p><p><span style=\"font-weight: 400;\">Avec cette \u00e9volution de la marque, nous r\u00e9affirmons notre volont\u00e9 de continuer \u00e0 grandir, en nous adaptant aux nouvelles g\u00e9n\u00e9rations de golfeurs et en consolidant un projet tourn\u00e9 vers l&rsquo;avenir sans perdre de vue son essence.<\/span><\/p>\t\t\t\t\t\t\t\t<\/div>\n\t\t\t\t<\/div>\n\t\t\t\t<div class=\"elementor-element elementor-element-a9937fd elementor-widget elementor-widget-image\" data-id=\"a9937fd\" data-element_type=\"widget\" data-e-type=\"widget\" data-widget_type=\"image.default\">\n\t\t\t\t<div class=\"elementor-widget-container\">\n\t\t\t\t\t\t\t\t\t\t\t\t\t\t\t<img decoding=\"async\" width=\"150\" height=\"150\" src=\"https:\/\/www.golfdaro.com\/wp-content\/uploads\/2026\/01\/logo-club-golf-daro-mas-nou-150x150.png\" class=\"attachment-thumbnail size-thumbnail wp-image-38686\" alt=\"\" srcset=\"https:\/\/www.golfdaro.com\/wp-content\/uploads\/2026\/01\/logo-club-golf-daro-mas-nou-150x150.png 150w, https:\/\/www.golfdaro.com\/wp-content\/uploads\/2026\/01\/logo-club-golf-daro-mas-nou-394x394.png 394w, https:\/\/www.golfdaro.com\/wp-content\/uploads\/2026\/01\/logo-club-golf-daro-mas-nou-100x100.png 100w\" sizes=\"(max-width: 150px) 100vw, 150px\" \/>\t\t\t\t\t\t\t\t\t\t\t\t\t\t\t<\/div>\n\t\t\t\t<\/div>\n\t\t\t\t\t<\/div>\n\t\t\t\t<\/div>\n\t\t<div class=\"elementor-element elementor-element-de23249 e-flex e-con-boxed e-con e-parent\" data-id=\"de23249\" data-element_type=\"container\" data-e-type=\"container\">\n\t\t\t\t\t<div class=\"e-con-inner\">\n\t\t\t\t\t<\/div>\n\t\t\t\t<\/div>\n\t\t\t\t<\/div>\n\t\t","protected":false},"excerpt":{"rendered":"<p>Nous vous pr\u00e9sentons notre nouvelle identit\u00e9 visuelle : une \u00e9volution de la marque align\u00e9e sur le pr\u00e9sent et le futur du Club Golf d&rsquo;Aro.<br \/>\n &hellip; <a href=\"https:\/\/www.golfdaro.com\/fr\/nouvelle-identite-visuelle-du-golf-daro\/\">Read More<\/a><\/p>\n","protected":false},"author":2,"featured_media":38687,"comment_status":"closed","ping_status":"closed","sticky":false,"template":"","format":"standard","meta":{"_eb_attr":"","footnotes":""},"categories":[254],"tags":[524,461,65,418,620],"class_list":["post-38688","post","type-post","status-publish","format-standard","has-post-thumbnail","hentry","category-activites-club","tag-club-golf-daro","tag-costa-brava","tag-golf-daro","tag-golf-daro-mas-nou","tag-nouveau-logo"],"yoast_head":"<!-- This site is optimized with the Yoast SEO plugin v27.4 - https:\/\/yoast.com\/product\/yoast-seo-wordpress\/ -->\n<title>Nouvelle identit\u00e9 visuelle du Golf d&#039;Aro - Club Golf d&#039;Aro<\/title>\n<meta name=\"robots\" content=\"index, follow, max-snippet:-1, max-image-preview:large, max-video-preview:-1\" \/>\n<link rel=\"canonical\" href=\"https:\/\/www.golfdaro.com\/fr\/nouvelle-identite-visuelle-du-golf-daro\/\" \/>\n<meta property=\"og:locale\" content=\"fr_FR\" \/>\n<meta property=\"og:type\" content=\"article\" \/>\n<meta property=\"og:title\" content=\"Nouvelle identit\u00e9 visuelle du Golf d&#039;Aro - Club Golf d&#039;Aro\" \/>\n<meta property=\"og:description\" content=\"Nous vous pr\u00e9sentons notre nouvelle identit\u00e9 visuelle : une \u00e9volution de la marque align\u00e9e sur le pr\u00e9sent et le futur du Club Golf d&#039;Aro. &hellip; Read More\" \/>\n<meta property=\"og:url\" content=\"https:\/\/www.golfdaro.com\/fr\/nouvelle-identite-visuelle-du-golf-daro\/\" \/>\n<meta property=\"og:site_name\" content=\"Club Golf d&#039;Aro\" \/>\n<meta property=\"article:publisher\" content=\"https:\/\/www.facebook.com\/golfdaro\/\" \/>\n<meta property=\"article:published_time\" content=\"2026-01-29T15:46:51+00:00\" \/>\n<meta property=\"og:image\" content=\"https:\/\/www.golfdaro.com\/wp-content\/uploads\/2026\/01\/Logo-del-Club-Golf-dAro-3-e1769161707112.png\" \/>\n\t<meta property=\"og:image:width\" content=\"703\" \/>\n\t<meta property=\"og:image:height\" content=\"672\" \/>\n\t<meta property=\"og:image:type\" content=\"image\/png\" \/>\n<meta name=\"author\" content=\"Golf d&#039;Aro\" \/>\n<meta name=\"twitter:card\" content=\"summary_large_image\" \/>\n<meta name=\"twitter:creator\" content=\"@soporte@lynkoo.com\" \/>\n<meta name=\"twitter:site\" content=\"@golfdaro\" \/>\n<meta name=\"twitter:label1\" content=\"\u00c9crit par\" \/>\n\t<meta name=\"twitter:data1\" content=\"Golf d&#039;Aro\" \/>\n\t<meta name=\"twitter:label2\" content=\"Dur\u00e9e de lecture estim\u00e9e\" \/>\n\t<meta name=\"twitter:data2\" content=\"3 minutes\" \/>\n<script type=\"application\/ld+json\" class=\"yoast-schema-graph\">{\"@context\":\"https:\\\/\\\/schema.org\",\"@graph\":[{\"@type\":\"Article\",\"@id\":\"https:\\\/\\\/www.golfdaro.com\\\/fr\\\/nouvelle-identite-visuelle-du-golf-daro\\\/#article\",\"isPartOf\":{\"@id\":\"https:\\\/\\\/www.golfdaro.com\\\/fr\\\/nouvelle-identite-visuelle-du-golf-daro\\\/\"},\"author\":{\"name\":\"Golf d'Aro\",\"@id\":\"https:\\\/\\\/www.golfdaro.com\\\/fr\\\/#\\\/schema\\\/person\\\/980cd1eadf261947ed9cebb018f36fd2\"},\"headline\":\"Nouvelle identit\u00e9 visuelle du Golf d&rsquo;Aro\",\"datePublished\":\"2026-01-29T15:46:51+00:00\",\"mainEntityOfPage\":{\"@id\":\"https:\\\/\\\/www.golfdaro.com\\\/fr\\\/nouvelle-identite-visuelle-du-golf-daro\\\/\"},\"wordCount\":628,\"publisher\":{\"@id\":\"https:\\\/\\\/www.golfdaro.com\\\/fr\\\/#organization\"},\"image\":{\"@id\":\"https:\\\/\\\/www.golfdaro.com\\\/fr\\\/nouvelle-identite-visuelle-du-golf-daro\\\/#primaryimage\"},\"thumbnailUrl\":\"https:\\\/\\\/www.golfdaro.com\\\/wp-content\\\/uploads\\\/2026\\\/01\\\/Logo-del-Club-Golf-dAro-3-e1769161707112.png\",\"keywords\":[\"club golf d'aro\",\"Costa Brava\",\"golf d'aro\",\"golf d'aro mas nou\",\"nouveau logo\"],\"articleSection\":[\"Activit\u00e9s Club\"],\"inLanguage\":\"fr-FR\"},{\"@type\":\"WebPage\",\"@id\":\"https:\\\/\\\/www.golfdaro.com\\\/fr\\\/nouvelle-identite-visuelle-du-golf-daro\\\/\",\"url\":\"https:\\\/\\\/www.golfdaro.com\\\/fr\\\/nouvelle-identite-visuelle-du-golf-daro\\\/\",\"name\":\"Nouvelle identit\u00e9 visuelle du Golf d'Aro - Club Golf d&#039;Aro\",\"isPartOf\":{\"@id\":\"https:\\\/\\\/www.golfdaro.com\\\/fr\\\/#website\"},\"primaryImageOfPage\":{\"@id\":\"https:\\\/\\\/www.golfdaro.com\\\/fr\\\/nouvelle-identite-visuelle-du-golf-daro\\\/#primaryimage\"},\"image\":{\"@id\":\"https:\\\/\\\/www.golfdaro.com\\\/fr\\\/nouvelle-identite-visuelle-du-golf-daro\\\/#primaryimage\"},\"thumbnailUrl\":\"https:\\\/\\\/www.golfdaro.com\\\/wp-content\\\/uploads\\\/2026\\\/01\\\/Logo-del-Club-Golf-dAro-3-e1769161707112.png\",\"datePublished\":\"2026-01-29T15:46:51+00:00\",\"breadcrumb\":{\"@id\":\"https:\\\/\\\/www.golfdaro.com\\\/fr\\\/nouvelle-identite-visuelle-du-golf-daro\\\/#breadcrumb\"},\"inLanguage\":\"fr-FR\",\"potentialAction\":[{\"@type\":\"ReadAction\",\"target\":[\"https:\\\/\\\/www.golfdaro.com\\\/fr\\\/nouvelle-identite-visuelle-du-golf-daro\\\/\"]}]},{\"@type\":\"ImageObject\",\"inLanguage\":\"fr-FR\",\"@id\":\"https:\\\/\\\/www.golfdaro.com\\\/fr\\\/nouvelle-identite-visuelle-du-golf-daro\\\/#primaryimage\",\"url\":\"https:\\\/\\\/www.golfdaro.com\\\/wp-content\\\/uploads\\\/2026\\\/01\\\/Logo-del-Club-Golf-dAro-3-e1769161707112.png\",\"contentUrl\":\"https:\\\/\\\/www.golfdaro.com\\\/wp-content\\\/uploads\\\/2026\\\/01\\\/Logo-del-Club-Golf-dAro-3-e1769161707112.png\",\"width\":703,\"height\":672},{\"@type\":\"BreadcrumbList\",\"@id\":\"https:\\\/\\\/www.golfdaro.com\\\/fr\\\/nouvelle-identite-visuelle-du-golf-daro\\\/#breadcrumb\",\"itemListElement\":[{\"@type\":\"ListItem\",\"position\":1,\"name\":\"Portada\",\"item\":\"https:\\\/\\\/www.golfdaro.com\\\/fr\\\/\"},{\"@type\":\"ListItem\",\"position\":2,\"name\":\"Nouvelle identit\u00e9 visuelle du Golf d&#8217;Aro\"}]},{\"@type\":\"WebSite\",\"@id\":\"https:\\\/\\\/www.golfdaro.com\\\/fr\\\/#website\",\"url\":\"https:\\\/\\\/www.golfdaro.com\\\/fr\\\/\",\"name\":\"Club Golf d&#039;Aro\",\"description\":\"Vistas Impresionantes. Sin interrupciones\",\"publisher\":{\"@id\":\"https:\\\/\\\/www.golfdaro.com\\\/fr\\\/#organization\"},\"potentialAction\":[{\"@type\":\"SearchAction\",\"target\":{\"@type\":\"EntryPoint\",\"urlTemplate\":\"https:\\\/\\\/www.golfdaro.com\\\/fr\\\/?s={search_term_string}\"},\"query-input\":{\"@type\":\"PropertyValueSpecification\",\"valueRequired\":true,\"valueName\":\"search_term_string\"}}],\"inLanguage\":\"fr-FR\"},{\"@type\":\"Organization\",\"@id\":\"https:\\\/\\\/www.golfdaro.com\\\/fr\\\/#organization\",\"name\":\"Club Golf d'Aro - Mas Nou\",\"url\":\"https:\\\/\\\/www.golfdaro.com\\\/fr\\\/\",\"logo\":{\"@type\":\"ImageObject\",\"inLanguage\":\"fr-FR\",\"@id\":\"https:\\\/\\\/www.golfdaro.com\\\/fr\\\/#\\\/schema\\\/logo\\\/image\\\/\",\"url\":\"https:\\\/\\\/www.golfdaro.com\\\/wp-content\\\/uploads\\\/2021\\\/01\\\/Logo-Golf-Aro-transparent.png\",\"contentUrl\":\"https:\\\/\\\/www.golfdaro.com\\\/wp-content\\\/uploads\\\/2021\\\/01\\\/Logo-Golf-Aro-transparent.png\",\"width\":100,\"height\":100,\"caption\":\"Club Golf d'Aro - Mas Nou\"},\"image\":{\"@id\":\"https:\\\/\\\/www.golfdaro.com\\\/fr\\\/#\\\/schema\\\/logo\\\/image\\\/\"},\"sameAs\":[\"https:\\\/\\\/www.facebook.com\\\/golfdaro\\\/\",\"https:\\\/\\\/x.com\\\/golfdaro\",\"https:\\\/\\\/www.instagram.com\\\/golfdaro\\\/\",\"https:\\\/\\\/www.youtube.com\\\/channel\\\/UC728WxtMLhPa1qUCnMemzLQ\"]},{\"@type\":\"Person\",\"@id\":\"https:\\\/\\\/www.golfdaro.com\\\/fr\\\/#\\\/schema\\\/person\\\/980cd1eadf261947ed9cebb018f36fd2\",\"name\":\"Golf d'Aro\",\"image\":{\"@type\":\"ImageObject\",\"inLanguage\":\"fr-FR\",\"@id\":\"https:\\\/\\\/secure.gravatar.com\\\/avatar\\\/0ce322bb7493e42975b90c95840cf0bdfbfb16945a84e02e411a08566e84f20b?s=96&d=mm&r=g\",\"url\":\"https:\\\/\\\/secure.gravatar.com\\\/avatar\\\/0ce322bb7493e42975b90c95840cf0bdfbfb16945a84e02e411a08566e84f20b?s=96&d=mm&r=g\",\"contentUrl\":\"https:\\\/\\\/secure.gravatar.com\\\/avatar\\\/0ce322bb7493e42975b90c95840cf0bdfbfb16945a84e02e411a08566e84f20b?s=96&d=mm&r=g\",\"caption\":\"Golf d'Aro\"},\"sameAs\":[\"https:\\\/\\\/x.com\\\/soporte@lynkoo.com\"]}]}<\/script>\n<!-- \/ Yoast SEO plugin. -->","yoast_head_json":{"title":"Nouvelle identit\u00e9 visuelle du Golf d'Aro - Club Golf d&#039;Aro","robots":{"index":"index","follow":"follow","max-snippet":"max-snippet:-1","max-image-preview":"max-image-preview:large","max-video-preview":"max-video-preview:-1"},"canonical":"https:\/\/www.golfdaro.com\/fr\/nouvelle-identite-visuelle-du-golf-daro\/","og_locale":"fr_FR","og_type":"article","og_title":"Nouvelle identit\u00e9 visuelle du Golf d'Aro - Club Golf d&#039;Aro","og_description":"Nous vous pr\u00e9sentons notre nouvelle identit\u00e9 visuelle : une \u00e9volution de la marque align\u00e9e sur le pr\u00e9sent et le futur du Club Golf d'Aro. &hellip; Read More","og_url":"https:\/\/www.golfdaro.com\/fr\/nouvelle-identite-visuelle-du-golf-daro\/","og_site_name":"Club Golf d&#039;Aro","article_publisher":"https:\/\/www.facebook.com\/golfdaro\/","article_published_time":"2026-01-29T15:46:51+00:00","og_image":[{"width":703,"height":672,"url":"https:\/\/www.golfdaro.com\/wp-content\/uploads\/2026\/01\/Logo-del-Club-Golf-dAro-3-e1769161707112.png","type":"image\/png"}],"author":"Golf d'Aro","twitter_card":"summary_large_image","twitter_creator":"@soporte@lynkoo.com","twitter_site":"@golfdaro","twitter_misc":{"\u00c9crit par":"Golf d'Aro","Dur\u00e9e de lecture estim\u00e9e":"3 minutes"},"schema":{"@context":"https:\/\/schema.org","@graph":[{"@type":"Article","@id":"https:\/\/www.golfdaro.com\/fr\/nouvelle-identite-visuelle-du-golf-daro\/#article","isPartOf":{"@id":"https:\/\/www.golfdaro.com\/fr\/nouvelle-identite-visuelle-du-golf-daro\/"},"author":{"name":"Golf d'Aro","@id":"https:\/\/www.golfdaro.com\/fr\/#\/schema\/person\/980cd1eadf261947ed9cebb018f36fd2"},"headline":"Nouvelle identit\u00e9 visuelle du Golf d&rsquo;Aro","datePublished":"2026-01-29T15:46:51+00:00","mainEntityOfPage":{"@id":"https:\/\/www.golfdaro.com\/fr\/nouvelle-identite-visuelle-du-golf-daro\/"},"wordCount":628,"publisher":{"@id":"https:\/\/www.golfdaro.com\/fr\/#organization"},"image":{"@id":"https:\/\/www.golfdaro.com\/fr\/nouvelle-identite-visuelle-du-golf-daro\/#primaryimage"},"thumbnailUrl":"https:\/\/www.golfdaro.com\/wp-content\/uploads\/2026\/01\/Logo-del-Club-Golf-dAro-3-e1769161707112.png","keywords":["club golf d'aro","Costa Brava","golf d'aro","golf d'aro mas nou","nouveau logo"],"articleSection":["Activit\u00e9s Club"],"inLanguage":"fr-FR"},{"@type":"WebPage","@id":"https:\/\/www.golfdaro.com\/fr\/nouvelle-identite-visuelle-du-golf-daro\/","url":"https:\/\/www.golfdaro.com\/fr\/nouvelle-identite-visuelle-du-golf-daro\/","name":"Nouvelle identit\u00e9 visuelle du Golf d'Aro - Club Golf d&#039;Aro","isPartOf":{"@id":"https:\/\/www.golfdaro.com\/fr\/#website"},"primaryImageOfPage":{"@id":"https:\/\/www.golfdaro.com\/fr\/nouvelle-identite-visuelle-du-golf-daro\/#primaryimage"},"image":{"@id":"https:\/\/www.golfdaro.com\/fr\/nouvelle-identite-visuelle-du-golf-daro\/#primaryimage"},"thumbnailUrl":"https:\/\/www.golfdaro.com\/wp-content\/uploads\/2026\/01\/Logo-del-Club-Golf-dAro-3-e1769161707112.png","datePublished":"2026-01-29T15:46:51+00:00","breadcrumb":{"@id":"https:\/\/www.golfdaro.com\/fr\/nouvelle-identite-visuelle-du-golf-daro\/#breadcrumb"},"inLanguage":"fr-FR","potentialAction":[{"@type":"ReadAction","target":["https:\/\/www.golfdaro.com\/fr\/nouvelle-identite-visuelle-du-golf-daro\/"]}]},{"@type":"ImageObject","inLanguage":"fr-FR","@id":"https:\/\/www.golfdaro.com\/fr\/nouvelle-identite-visuelle-du-golf-daro\/#primaryimage","url":"https:\/\/www.golfdaro.com\/wp-content\/uploads\/2026\/01\/Logo-del-Club-Golf-dAro-3-e1769161707112.png","contentUrl":"https:\/\/www.golfdaro.com\/wp-content\/uploads\/2026\/01\/Logo-del-Club-Golf-dAro-3-e1769161707112.png","width":703,"height":672},{"@type":"BreadcrumbList","@id":"https:\/\/www.golfdaro.com\/fr\/nouvelle-identite-visuelle-du-golf-daro\/#breadcrumb","itemListElement":[{"@type":"ListItem","position":1,"name":"Portada","item":"https:\/\/www.golfdaro.com\/fr\/"},{"@type":"ListItem","position":2,"name":"Nouvelle identit\u00e9 visuelle du Golf d&#8217;Aro"}]},{"@type":"WebSite","@id":"https:\/\/www.golfdaro.com\/fr\/#website","url":"https:\/\/www.golfdaro.com\/fr\/","name":"Club Golf d&#039;Aro","description":"Vistas Impresionantes. Sin interrupciones","publisher":{"@id":"https:\/\/www.golfdaro.com\/fr\/#organization"},"potentialAction":[{"@type":"SearchAction","target":{"@type":"EntryPoint","urlTemplate":"https:\/\/www.golfdaro.com\/fr\/?s={search_term_string}"},"query-input":{"@type":"PropertyValueSpecification","valueRequired":true,"valueName":"search_term_string"}}],"inLanguage":"fr-FR"},{"@type":"Organization","@id":"https:\/\/www.golfdaro.com\/fr\/#organization","name":"Club Golf d'Aro - Mas Nou","url":"https:\/\/www.golfdaro.com\/fr\/","logo":{"@type":"ImageObject","inLanguage":"fr-FR","@id":"https:\/\/www.golfdaro.com\/fr\/#\/schema\/logo\/image\/","url":"https:\/\/www.golfdaro.com\/wp-content\/uploads\/2021\/01\/Logo-Golf-Aro-transparent.png","contentUrl":"https:\/\/www.golfdaro.com\/wp-content\/uploads\/2021\/01\/Logo-Golf-Aro-transparent.png","width":100,"height":100,"caption":"Club Golf d'Aro - Mas Nou"},"image":{"@id":"https:\/\/www.golfdaro.com\/fr\/#\/schema\/logo\/image\/"},"sameAs":["https:\/\/www.facebook.com\/golfdaro\/","https:\/\/x.com\/golfdaro","https:\/\/www.instagram.com\/golfdaro\/","https:\/\/www.youtube.com\/channel\/UC728WxtMLhPa1qUCnMemzLQ"]},{"@type":"Person","@id":"https:\/\/www.golfdaro.com\/fr\/#\/schema\/person\/980cd1eadf261947ed9cebb018f36fd2","name":"Golf d'Aro","image":{"@type":"ImageObject","inLanguage":"fr-FR","@id":"https:\/\/secure.gravatar.com\/avatar\/0ce322bb7493e42975b90c95840cf0bdfbfb16945a84e02e411a08566e84f20b?s=96&d=mm&r=g","url":"https:\/\/secure.gravatar.com\/avatar\/0ce322bb7493e42975b90c95840cf0bdfbfb16945a84e02e411a08566e84f20b?s=96&d=mm&r=g","contentUrl":"https:\/\/secure.gravatar.com\/avatar\/0ce322bb7493e42975b90c95840cf0bdfbfb16945a84e02e411a08566e84f20b?s=96&d=mm&r=g","caption":"Golf d'Aro"},"sameAs":["https:\/\/x.com\/soporte@lynkoo.com"]}]}},"_links":{"self":[{"href":"https:\/\/www.golfdaro.com\/fr\/wp-json\/wp\/v2\/posts\/38688","targetHints":{"allow":["GET"]}}],"collection":[{"href":"https:\/\/www.golfdaro.com\/fr\/wp-json\/wp\/v2\/posts"}],"about":[{"href":"https:\/\/www.golfdaro.com\/fr\/wp-json\/wp\/v2\/types\/post"}],"author":[{"embeddable":true,"href":"https:\/\/www.golfdaro.com\/fr\/wp-json\/wp\/v2\/users\/2"}],"replies":[{"embeddable":true,"href":"https:\/\/www.golfdaro.com\/fr\/wp-json\/wp\/v2\/comments?post=38688"}],"version-history":[{"count":1,"href":"https:\/\/www.golfdaro.com\/fr\/wp-json\/wp\/v2\/posts\/38688\/revisions"}],"predecessor-version":[{"id":38689,"href":"https:\/\/www.golfdaro.com\/fr\/wp-json\/wp\/v2\/posts\/38688\/revisions\/38689"}],"wp:featuredmedia":[{"embeddable":true,"href":"https:\/\/www.golfdaro.com\/fr\/wp-json\/wp\/v2\/media\/38687"}],"wp:attachment":[{"href":"https:\/\/www.golfdaro.com\/fr\/wp-json\/wp\/v2\/media?parent=38688"}],"wp:term":[{"taxonomy":"category","embeddable":true,"href":"https:\/\/www.golfdaro.com\/fr\/wp-json\/wp\/v2\/categories?post=38688"},{"taxonomy":"post_tag","embeddable":true,"href":"https:\/\/www.golfdaro.com\/fr\/wp-json\/wp\/v2\/tags?post=38688"}],"curies":[{"name":"wp","href":"https:\/\/api.w.org\/{rel}","templated":true}]}}