{"id":23076,"date":"2022-07-12T09:28:48","date_gmt":"2022-07-12T07:28:48","guid":{"rendered":"https:\/\/www.golfdaro.com\/pele-du-sud\/"},"modified":"2022-07-23T14:15:50","modified_gmt":"2022-07-23T12:15:50","slug":"pele-du-sud","status":"publish","type":"post","link":"https:\/\/www.golfdaro.com\/fr\/pele-du-sud\/","title":{"rendered":"Pel\u00e9 du Sud"},"content":{"rendered":"<p>Juillet 2022<br \/>\nClub Golf d&rsquo;Aro -Mas Nou est situ\u00e9 \u00e0 l&rsquo;int\u00e9rieur d&rsquo;une for\u00eat de ch\u00eanes-li\u00e8ges dans la zone naturelle prot\u00e9g\u00e9e des Gavarres et le juin dernier, a \u00e9t\u00e9 pratiqu\u00e9<strong> l&rsquo;\u00e9pluchage des ch\u00eanes-li\u00e8ges<\/strong>.<br \/>\nElle consiste \u00e0 extraire son \u00e9paisse \u00e9corce, \u00e0 l&rsquo;aide d&rsquo;une hache et d&rsquo;un levier. Avec ce produit de proximit\u00e9 et \u00e0 valeur environnementale, des bouchons, des isolants pour la construction et quelques ruches sont fabriqu\u00e9s.<br \/>\n<img fetchpriority=\"high\" decoding=\"async\" src=\"https:\/\/www.golfdaro.com\/wp-content\/uploads\/2022\/07\/pelada-suro-3.png\" alt=\"\" width=\"542\" height=\"405\"><br \/>\nLe ch\u00eane-li\u00e8ge met environ 50 ans \u00e0 pousser suffisamment pour pouvoir faire la premi\u00e8re extraction de li\u00e8ge. Ensuite, il peut \u00eatre pel\u00e9 tous les 14 ans.<img decoding=\"async\" src=\"https:\/\/www.golfdaro.com\/wp-content\/uploads\/2022\/07\/pelada-suro-1.png\" alt=\"\" width=\"543\" height=\"370\"><br \/>\n\u00c0 Llofriu, chaque mois de juin, on c\u00e9l\u00e8bre la F\u00eate du li\u00e8ge et dans le Mus\u00e9e du li\u00e8ge de Palafrugell est bien document\u00e9 la culture et le patrimoine naturel du monde du li\u00e8ge en Catalogne. A noter que la quasi-totalit\u00e9 de la Costa Brava regorge de ch\u00eanes-li\u00e8ges\u2026<br \/>\n<img decoding=\"async\" src=\"https:\/\/www.golfdaro.com\/wp-content\/uploads\/2022\/07\/Pelada-suro-Web.png\" alt=\"\" width=\"537\" height=\"405\"><br \/>\nAu Club Golf d&rsquo;Aro &#8211; Mas Nou nous voulons valoriser cette activit\u00e9 traditionnelle, r\u00e9cemment relanc\u00e9e, qui permet de <strong>maintenir la for\u00eat en bon \u00e9tat et de profiter d&rsquo;un produit local de qualit\u00e9.<\/strong><br \/>\n<img loading=\"lazy\" decoding=\"async\" src=\"https:\/\/www.golfdaro.com\/wp-content\/uploads\/2022\/07\/IMG_20220709_100117655.MP_.jpg\" alt=\"\" width=\"640\" height=\"480\"><br \/>\nCristina Porras Sancho<\/p>\n","protected":false},"excerpt":{"rendered":"<p>Juillet 2022 &#8211; Le juin dernier, la coquille de li\u00e8ge des ch\u00eanes-li\u00e8ges qui ont \u00e9t\u00e9 &hellip; <a href=\"https:\/\/www.golfdaro.com\/fr\/pele-du-sud\/\">Read More<\/a><\/p>\n","protected":false},"author":2,"featured_media":23035,"comment_status":"open","ping_status":"closed","sticky":false,"template":"","format":"standard","meta":{"_eb_attr":"","footnotes":""},"categories":[138,130],"tags":[],"class_list":["post-23076","post","type-post","status-publish","format-standard","has-post-thumbnail","hentry","category-ameliorations-au-golf","category-mejoras-del-campo"],"yoast_head":"<!-- This site is optimized with the Yoast SEO plugin v27.4 - https:\/\/yoast.com\/product\/yoast-seo-wordpress\/ -->\n<title>Club Golf d\u2019Aro \u2013 Mas Nou pel\u00e9 du sud<\/title>\n<meta name=\"description\" content=\"Le Club Golf d&#039;Aro -Mas Nou est situ\u00e9 \u00e0 l&#039;int\u00e9rieur d&#039;un bosquet de ch\u00eanes-li\u00e8ges dans la zone naturelle prot\u00e9g\u00e9e des Gavarres et ce juin\" \/>\n<meta name=\"robots\" content=\"index, follow, max-snippet:-1, max-image-preview:large, max-video-preview:-1\" \/>\n<link rel=\"canonical\" href=\"https:\/\/www.golfdaro.com\/fr\/pele-du-sud\/\" \/>\n<meta property=\"og:locale\" content=\"fr_FR\" \/>\n<meta property=\"og:type\" content=\"article\" \/>\n<meta property=\"og:title\" content=\"Club Golf d\u2019Aro \u2013 Mas Nou pel\u00e9 du sud\" \/>\n<meta property=\"og:description\" content=\"Le Club Golf d&#039;Aro -Mas Nou est situ\u00e9 \u00e0 l&#039;int\u00e9rieur d&#039;un bosquet de ch\u00eanes-li\u00e8ges dans la zone naturelle prot\u00e9g\u00e9e des Gavarres et ce juin\" \/>\n<meta property=\"og:url\" content=\"https:\/\/www.golfdaro.com\/fr\/pele-du-sud\/\" \/>\n<meta property=\"og:site_name\" content=\"Club Golf d&#039;Aro\" \/>\n<meta property=\"article:publisher\" content=\"https:\/\/www.facebook.com\/golfdaro\/\" \/>\n<meta property=\"article:published_time\" content=\"2022-07-12T07:28:48+00:00\" \/>\n<meta property=\"article:modified_time\" content=\"2022-07-23T12:15:50+00:00\" \/>\n<meta property=\"og:image\" content=\"https:\/\/www.golfdaro.com\/wp-content\/uploads\/2022\/07\/IMG_20220709_100117655.MP_.jpg\" \/>\n\t<meta property=\"og:image:width\" content=\"640\" \/>\n\t<meta property=\"og:image:height\" content=\"480\" \/>\n\t<meta property=\"og:image:type\" content=\"image\/jpeg\" \/>\n<meta name=\"author\" content=\"Golf d&#039;Aro\" \/>\n<meta name=\"twitter:card\" content=\"summary_large_image\" \/>\n<meta name=\"twitter:creator\" content=\"@soporte@lynkoo.com\" \/>\n<meta name=\"twitter:site\" content=\"@golfdaro\" \/>\n<meta name=\"twitter:label1\" content=\"\u00c9crit par\" \/>\n\t<meta name=\"twitter:data1\" content=\"Golf d&#039;Aro\" \/>\n\t<meta name=\"twitter:label2\" content=\"Dur\u00e9e de lecture estim\u00e9e\" \/>\n\t<meta name=\"twitter:data2\" content=\"2 minutes\" \/>\n<script type=\"application\/ld+json\" class=\"yoast-schema-graph\">{\"@context\":\"https:\\\/\\\/schema.org\",\"@graph\":[{\"@type\":\"Article\",\"@id\":\"https:\\\/\\\/www.golfdaro.com\\\/fr\\\/pele-du-sud\\\/#article\",\"isPartOf\":{\"@id\":\"https:\\\/\\\/www.golfdaro.com\\\/fr\\\/pele-du-sud\\\/\"},\"author\":{\"name\":\"Golf d'Aro\",\"@id\":\"https:\\\/\\\/www.golfdaro.com\\\/fr\\\/#\\\/schema\\\/person\\\/980cd1eadf261947ed9cebb018f36fd2\"},\"headline\":\"Pel\u00e9 du Sud\",\"datePublished\":\"2022-07-12T07:28:48+00:00\",\"dateModified\":\"2022-07-23T12:15:50+00:00\",\"mainEntityOfPage\":{\"@id\":\"https:\\\/\\\/www.golfdaro.com\\\/fr\\\/pele-du-sud\\\/\"},\"wordCount\":203,\"commentCount\":0,\"publisher\":{\"@id\":\"https:\\\/\\\/www.golfdaro.com\\\/fr\\\/#organization\"},\"image\":{\"@id\":\"https:\\\/\\\/www.golfdaro.com\\\/fr\\\/pele-du-sud\\\/#primaryimage\"},\"thumbnailUrl\":\"https:\\\/\\\/www.golfdaro.com\\\/wp-content\\\/uploads\\\/2022\\\/07\\\/IMG_20220709_100117655.MP_.jpg\",\"articleSection\":[\"Am\u00e9liorations au golf\",\"Mejoras del campo\"],\"inLanguage\":\"fr-FR\",\"potentialAction\":[{\"@type\":\"CommentAction\",\"name\":\"Comment\",\"target\":[\"https:\\\/\\\/www.golfdaro.com\\\/fr\\\/pele-du-sud\\\/#respond\"]}]},{\"@type\":\"WebPage\",\"@id\":\"https:\\\/\\\/www.golfdaro.com\\\/fr\\\/pele-du-sud\\\/\",\"url\":\"https:\\\/\\\/www.golfdaro.com\\\/fr\\\/pele-du-sud\\\/\",\"name\":\"Club Golf d\u2019Aro \u2013 Mas Nou pel\u00e9 du sud\",\"isPartOf\":{\"@id\":\"https:\\\/\\\/www.golfdaro.com\\\/fr\\\/#website\"},\"primaryImageOfPage\":{\"@id\":\"https:\\\/\\\/www.golfdaro.com\\\/fr\\\/pele-du-sud\\\/#primaryimage\"},\"image\":{\"@id\":\"https:\\\/\\\/www.golfdaro.com\\\/fr\\\/pele-du-sud\\\/#primaryimage\"},\"thumbnailUrl\":\"https:\\\/\\\/www.golfdaro.com\\\/wp-content\\\/uploads\\\/2022\\\/07\\\/IMG_20220709_100117655.MP_.jpg\",\"datePublished\":\"2022-07-12T07:28:48+00:00\",\"dateModified\":\"2022-07-23T12:15:50+00:00\",\"description\":\"Le Club Golf d'Aro -Mas Nou est situ\u00e9 \u00e0 l'int\u00e9rieur d'un bosquet de ch\u00eanes-li\u00e8ges dans la zone naturelle prot\u00e9g\u00e9e des Gavarres et ce juin\",\"breadcrumb\":{\"@id\":\"https:\\\/\\\/www.golfdaro.com\\\/fr\\\/pele-du-sud\\\/#breadcrumb\"},\"inLanguage\":\"fr-FR\",\"potentialAction\":[{\"@type\":\"ReadAction\",\"target\":[\"https:\\\/\\\/www.golfdaro.com\\\/fr\\\/pele-du-sud\\\/\"]}]},{\"@type\":\"ImageObject\",\"inLanguage\":\"fr-FR\",\"@id\":\"https:\\\/\\\/www.golfdaro.com\\\/fr\\\/pele-du-sud\\\/#primaryimage\",\"url\":\"https:\\\/\\\/www.golfdaro.com\\\/wp-content\\\/uploads\\\/2022\\\/07\\\/IMG_20220709_100117655.MP_.jpg\",\"contentUrl\":\"https:\\\/\\\/www.golfdaro.com\\\/wp-content\\\/uploads\\\/2022\\\/07\\\/IMG_20220709_100117655.MP_.jpg\",\"width\":640,\"height\":480},{\"@type\":\"BreadcrumbList\",\"@id\":\"https:\\\/\\\/www.golfdaro.com\\\/fr\\\/pele-du-sud\\\/#breadcrumb\",\"itemListElement\":[{\"@type\":\"ListItem\",\"position\":1,\"name\":\"Portada\",\"item\":\"https:\\\/\\\/www.golfdaro.com\\\/fr\\\/\"},{\"@type\":\"ListItem\",\"position\":2,\"name\":\"Pel\u00e9 du Sud\"}]},{\"@type\":\"WebSite\",\"@id\":\"https:\\\/\\\/www.golfdaro.com\\\/fr\\\/#website\",\"url\":\"https:\\\/\\\/www.golfdaro.com\\\/fr\\\/\",\"name\":\"Club Golf d&#039;Aro\",\"description\":\"Vistas Impresionantes. Sin interrupciones\",\"publisher\":{\"@id\":\"https:\\\/\\\/www.golfdaro.com\\\/fr\\\/#organization\"},\"potentialAction\":[{\"@type\":\"SearchAction\",\"target\":{\"@type\":\"EntryPoint\",\"urlTemplate\":\"https:\\\/\\\/www.golfdaro.com\\\/fr\\\/?s={search_term_string}\"},\"query-input\":{\"@type\":\"PropertyValueSpecification\",\"valueRequired\":true,\"valueName\":\"search_term_string\"}}],\"inLanguage\":\"fr-FR\"},{\"@type\":\"Organization\",\"@id\":\"https:\\\/\\\/www.golfdaro.com\\\/fr\\\/#organization\",\"name\":\"Club Golf d'Aro - Mas Nou\",\"url\":\"https:\\\/\\\/www.golfdaro.com\\\/fr\\\/\",\"logo\":{\"@type\":\"ImageObject\",\"inLanguage\":\"fr-FR\",\"@id\":\"https:\\\/\\\/www.golfdaro.com\\\/fr\\\/#\\\/schema\\\/logo\\\/image\\\/\",\"url\":\"https:\\\/\\\/www.golfdaro.com\\\/wp-content\\\/uploads\\\/2021\\\/01\\\/Logo-Golf-Aro-transparent.png\",\"contentUrl\":\"https:\\\/\\\/www.golfdaro.com\\\/wp-content\\\/uploads\\\/2021\\\/01\\\/Logo-Golf-Aro-transparent.png\",\"width\":100,\"height\":100,\"caption\":\"Club Golf d'Aro - Mas Nou\"},\"image\":{\"@id\":\"https:\\\/\\\/www.golfdaro.com\\\/fr\\\/#\\\/schema\\\/logo\\\/image\\\/\"},\"sameAs\":[\"https:\\\/\\\/www.facebook.com\\\/golfdaro\\\/\",\"https:\\\/\\\/x.com\\\/golfdaro\",\"https:\\\/\\\/www.instagram.com\\\/golfdaro\\\/\",\"https:\\\/\\\/www.youtube.com\\\/channel\\\/UC728WxtMLhPa1qUCnMemzLQ\"]},{\"@type\":\"Person\",\"@id\":\"https:\\\/\\\/www.golfdaro.com\\\/fr\\\/#\\\/schema\\\/person\\\/980cd1eadf261947ed9cebb018f36fd2\",\"name\":\"Golf d'Aro\",\"image\":{\"@type\":\"ImageObject\",\"inLanguage\":\"fr-FR\",\"@id\":\"https:\\\/\\\/secure.gravatar.com\\\/avatar\\\/0ce322bb7493e42975b90c95840cf0bdfbfb16945a84e02e411a08566e84f20b?s=96&d=mm&r=g\",\"url\":\"https:\\\/\\\/secure.gravatar.com\\\/avatar\\\/0ce322bb7493e42975b90c95840cf0bdfbfb16945a84e02e411a08566e84f20b?s=96&d=mm&r=g\",\"contentUrl\":\"https:\\\/\\\/secure.gravatar.com\\\/avatar\\\/0ce322bb7493e42975b90c95840cf0bdfbfb16945a84e02e411a08566e84f20b?s=96&d=mm&r=g\",\"caption\":\"Golf d'Aro\"},\"sameAs\":[\"https:\\\/\\\/x.com\\\/soporte@lynkoo.com\"]}]}<\/script>\n<!-- \/ Yoast SEO plugin. -->","yoast_head_json":{"title":"Club Golf d\u2019Aro \u2013 Mas Nou pel\u00e9 du sud","description":"Le Club Golf d'Aro -Mas Nou est situ\u00e9 \u00e0 l'int\u00e9rieur d'un bosquet de ch\u00eanes-li\u00e8ges dans la zone naturelle prot\u00e9g\u00e9e des Gavarres et ce juin","robots":{"index":"index","follow":"follow","max-snippet":"max-snippet:-1","max-image-preview":"max-image-preview:large","max-video-preview":"max-video-preview:-1"},"canonical":"https:\/\/www.golfdaro.com\/fr\/pele-du-sud\/","og_locale":"fr_FR","og_type":"article","og_title":"Club Golf d\u2019Aro \u2013 Mas Nou pel\u00e9 du sud","og_description":"Le Club Golf d'Aro -Mas Nou est situ\u00e9 \u00e0 l'int\u00e9rieur d'un bosquet de ch\u00eanes-li\u00e8ges dans la zone naturelle prot\u00e9g\u00e9e des Gavarres et ce juin","og_url":"https:\/\/www.golfdaro.com\/fr\/pele-du-sud\/","og_site_name":"Club Golf d&#039;Aro","article_publisher":"https:\/\/www.facebook.com\/golfdaro\/","article_published_time":"2022-07-12T07:28:48+00:00","article_modified_time":"2022-07-23T12:15:50+00:00","og_image":[{"width":640,"height":480,"url":"https:\/\/www.golfdaro.com\/wp-content\/uploads\/2022\/07\/IMG_20220709_100117655.MP_.jpg","type":"image\/jpeg"}],"author":"Golf d'Aro","twitter_card":"summary_large_image","twitter_creator":"@soporte@lynkoo.com","twitter_site":"@golfdaro","twitter_misc":{"\u00c9crit par":"Golf d'Aro","Dur\u00e9e de lecture estim\u00e9e":"2 minutes"},"schema":{"@context":"https:\/\/schema.org","@graph":[{"@type":"Article","@id":"https:\/\/www.golfdaro.com\/fr\/pele-du-sud\/#article","isPartOf":{"@id":"https:\/\/www.golfdaro.com\/fr\/pele-du-sud\/"},"author":{"name":"Golf d'Aro","@id":"https:\/\/www.golfdaro.com\/fr\/#\/schema\/person\/980cd1eadf261947ed9cebb018f36fd2"},"headline":"Pel\u00e9 du Sud","datePublished":"2022-07-12T07:28:48+00:00","dateModified":"2022-07-23T12:15:50+00:00","mainEntityOfPage":{"@id":"https:\/\/www.golfdaro.com\/fr\/pele-du-sud\/"},"wordCount":203,"commentCount":0,"publisher":{"@id":"https:\/\/www.golfdaro.com\/fr\/#organization"},"image":{"@id":"https:\/\/www.golfdaro.com\/fr\/pele-du-sud\/#primaryimage"},"thumbnailUrl":"https:\/\/www.golfdaro.com\/wp-content\/uploads\/2022\/07\/IMG_20220709_100117655.MP_.jpg","articleSection":["Am\u00e9liorations au golf","Mejoras del campo"],"inLanguage":"fr-FR","potentialAction":[{"@type":"CommentAction","name":"Comment","target":["https:\/\/www.golfdaro.com\/fr\/pele-du-sud\/#respond"]}]},{"@type":"WebPage","@id":"https:\/\/www.golfdaro.com\/fr\/pele-du-sud\/","url":"https:\/\/www.golfdaro.com\/fr\/pele-du-sud\/","name":"Club Golf d\u2019Aro \u2013 Mas Nou pel\u00e9 du sud","isPartOf":{"@id":"https:\/\/www.golfdaro.com\/fr\/#website"},"primaryImageOfPage":{"@id":"https:\/\/www.golfdaro.com\/fr\/pele-du-sud\/#primaryimage"},"image":{"@id":"https:\/\/www.golfdaro.com\/fr\/pele-du-sud\/#primaryimage"},"thumbnailUrl":"https:\/\/www.golfdaro.com\/wp-content\/uploads\/2022\/07\/IMG_20220709_100117655.MP_.jpg","datePublished":"2022-07-12T07:28:48+00:00","dateModified":"2022-07-23T12:15:50+00:00","description":"Le Club Golf d'Aro -Mas Nou est situ\u00e9 \u00e0 l'int\u00e9rieur d'un bosquet de ch\u00eanes-li\u00e8ges dans la zone naturelle prot\u00e9g\u00e9e des Gavarres et ce juin","breadcrumb":{"@id":"https:\/\/www.golfdaro.com\/fr\/pele-du-sud\/#breadcrumb"},"inLanguage":"fr-FR","potentialAction":[{"@type":"ReadAction","target":["https:\/\/www.golfdaro.com\/fr\/pele-du-sud\/"]}]},{"@type":"ImageObject","inLanguage":"fr-FR","@id":"https:\/\/www.golfdaro.com\/fr\/pele-du-sud\/#primaryimage","url":"https:\/\/www.golfdaro.com\/wp-content\/uploads\/2022\/07\/IMG_20220709_100117655.MP_.jpg","contentUrl":"https:\/\/www.golfdaro.com\/wp-content\/uploads\/2022\/07\/IMG_20220709_100117655.MP_.jpg","width":640,"height":480},{"@type":"BreadcrumbList","@id":"https:\/\/www.golfdaro.com\/fr\/pele-du-sud\/#breadcrumb","itemListElement":[{"@type":"ListItem","position":1,"name":"Portada","item":"https:\/\/www.golfdaro.com\/fr\/"},{"@type":"ListItem","position":2,"name":"Pel\u00e9 du Sud"}]},{"@type":"WebSite","@id":"https:\/\/www.golfdaro.com\/fr\/#website","url":"https:\/\/www.golfdaro.com\/fr\/","name":"Club Golf d&#039;Aro","description":"Vistas Impresionantes. Sin interrupciones","publisher":{"@id":"https:\/\/www.golfdaro.com\/fr\/#organization"},"potentialAction":[{"@type":"SearchAction","target":{"@type":"EntryPoint","urlTemplate":"https:\/\/www.golfdaro.com\/fr\/?s={search_term_string}"},"query-input":{"@type":"PropertyValueSpecification","valueRequired":true,"valueName":"search_term_string"}}],"inLanguage":"fr-FR"},{"@type":"Organization","@id":"https:\/\/www.golfdaro.com\/fr\/#organization","name":"Club Golf d'Aro - Mas Nou","url":"https:\/\/www.golfdaro.com\/fr\/","logo":{"@type":"ImageObject","inLanguage":"fr-FR","@id":"https:\/\/www.golfdaro.com\/fr\/#\/schema\/logo\/image\/","url":"https:\/\/www.golfdaro.com\/wp-content\/uploads\/2021\/01\/Logo-Golf-Aro-transparent.png","contentUrl":"https:\/\/www.golfdaro.com\/wp-content\/uploads\/2021\/01\/Logo-Golf-Aro-transparent.png","width":100,"height":100,"caption":"Club Golf d'Aro - Mas Nou"},"image":{"@id":"https:\/\/www.golfdaro.com\/fr\/#\/schema\/logo\/image\/"},"sameAs":["https:\/\/www.facebook.com\/golfdaro\/","https:\/\/x.com\/golfdaro","https:\/\/www.instagram.com\/golfdaro\/","https:\/\/www.youtube.com\/channel\/UC728WxtMLhPa1qUCnMemzLQ"]},{"@type":"Person","@id":"https:\/\/www.golfdaro.com\/fr\/#\/schema\/person\/980cd1eadf261947ed9cebb018f36fd2","name":"Golf d'Aro","image":{"@type":"ImageObject","inLanguage":"fr-FR","@id":"https:\/\/secure.gravatar.com\/avatar\/0ce322bb7493e42975b90c95840cf0bdfbfb16945a84e02e411a08566e84f20b?s=96&d=mm&r=g","url":"https:\/\/secure.gravatar.com\/avatar\/0ce322bb7493e42975b90c95840cf0bdfbfb16945a84e02e411a08566e84f20b?s=96&d=mm&r=g","contentUrl":"https:\/\/secure.gravatar.com\/avatar\/0ce322bb7493e42975b90c95840cf0bdfbfb16945a84e02e411a08566e84f20b?s=96&d=mm&r=g","caption":"Golf d'Aro"},"sameAs":["https:\/\/x.com\/soporte@lynkoo.com"]}]}},"_links":{"self":[{"href":"https:\/\/www.golfdaro.com\/fr\/wp-json\/wp\/v2\/posts\/23076","targetHints":{"allow":["GET"]}}],"collection":[{"href":"https:\/\/www.golfdaro.com\/fr\/wp-json\/wp\/v2\/posts"}],"about":[{"href":"https:\/\/www.golfdaro.com\/fr\/wp-json\/wp\/v2\/types\/post"}],"author":[{"embeddable":true,"href":"https:\/\/www.golfdaro.com\/fr\/wp-json\/wp\/v2\/users\/2"}],"replies":[{"embeddable":true,"href":"https:\/\/www.golfdaro.com\/fr\/wp-json\/wp\/v2\/comments?post=23076"}],"version-history":[{"count":0,"href":"https:\/\/www.golfdaro.com\/fr\/wp-json\/wp\/v2\/posts\/23076\/revisions"}],"wp:featuredmedia":[{"embeddable":true,"href":"https:\/\/www.golfdaro.com\/fr\/wp-json\/wp\/v2\/media\/23035"}],"wp:attachment":[{"href":"https:\/\/www.golfdaro.com\/fr\/wp-json\/wp\/v2\/media?parent=23076"}],"wp:term":[{"taxonomy":"category","embeddable":true,"href":"https:\/\/www.golfdaro.com\/fr\/wp-json\/wp\/v2\/categories?post=23076"},{"taxonomy":"post_tag","embeddable":true,"href":"https:\/\/www.golfdaro.com\/fr\/wp-json\/wp\/v2\/tags?post=23076"}],"curies":[{"name":"wp","href":"https:\/\/api.w.org\/{rel}","templated":true}]}}