{"id":17227,"date":"2022-01-20T17:25:13","date_gmt":"2022-01-20T16:25:13","guid":{"rendered":"https:\/\/www.golfdaro.com\/equipe-feminine-interclubs-feminins-de-catalogne\/"},"modified":"2022-01-20T17:27:21","modified_gmt":"2022-01-20T16:27:21","slug":"equipe-feminine-interclubs-feminins-de-catalogne","status":"publish","type":"post","link":"https:\/\/www.golfdaro.com\/fr\/equipe-feminine-interclubs-feminins-de-catalogne\/","title":{"rendered":"\u00c9quipe f\u00e9minine &#8211; Interclubs f\u00e9minins de Catalogne"},"content":{"rendered":"\n<h2 class=\"wp-block-heading\">Le Liguilla 2022<\/h2>\n\n<div style=\"height:13px\" aria-hidden=\"true\" class=\"wp-block-spacer\"><\/div>\n<div class=\"wp-block-post-date\"><time datetime=\"2022-01-20T17:25:13+01:00\">20 janvier 2022<\/time><\/div>\n<p><\/p>\n\n<p class=\"has-text-align-left\">Aujourd&rsquo;hui a d\u00e9but\u00e9 la 48e \u00e9dition de l&rsquo;Interclubs Femenino de Catalu\u00f1a &#8211; Liguilla 2022, une comp\u00e9tition que notre \u00e9quipe f\u00e9minine dispute depuis 2018.<\/p>\n\n<p>Cette ann\u00e9e, nous avons Mercedes Soler comme nouvelle capitaine, le reste de l&rsquo;\u00e9quipe est compos\u00e9 des joueuses suivantes :<\/p>\n\n<p>Katrin Dahm, Montse Llin\u00e9s, \u00c0ngels Navas, Nadine Deryst, Maria Padr\u00e9s, Roser Coll, Anna Oller, Patricia Maurey i Christiane Labadie.<\/p>\n\n<p>Le premier tour a \u00e9t\u00e9 jou\u00e9 \u00e0 Empord\u00e0 Golf, \u00e9tant nos joueurs en neuvi\u00e8me position avec 9,5 points et 7 ups.<\/p>\n\n<p class=\"has-text-align-center\">Bonne saison les filles !<\/p>\n\n<figure class=\"wp-block-gallery aligncenter columns-1 is-cropped wp-block-gallery-1 is-layout-flex wp-block-gallery-is-layout-flex\"><ul class=\"blocks-gallery-grid\"><li class=\"blocks-gallery-item\"><figure><img fetchpriority=\"high\" decoding=\"async\" width=\"1600\" height=\"738\" src=\"https:\/\/www.golfdaro.com\/wp-content\/uploads\/2022\/01\/WhatsApp-Image-2022-01-20-at-10.02.04-1.jpeg\" alt=\"\" data-id=\"17209\" data-full-url=\"https:\/\/www.golfdaro.com\/wp-content\/uploads\/2022\/01\/WhatsApp-Image-2022-01-20-at-10.02.04-1.jpeg\" data-link=\"https:\/\/www.golfdaro.com\/?attachment_id=17209\" class=\"wp-image-17212\" srcset=\"https:\/\/www.golfdaro.com\/wp-content\/uploads\/2022\/01\/WhatsApp-Image-2022-01-20-at-10.02.04-1.jpeg 1600w, https:\/\/www.golfdaro.com\/wp-content\/uploads\/2022\/01\/WhatsApp-Image-2022-01-20-at-10.02.04-1-600x277.jpeg 600w, https:\/\/www.golfdaro.com\/wp-content\/uploads\/2022\/01\/WhatsApp-Image-2022-01-20-at-10.02.04-1-300x138.jpeg 300w, https:\/\/www.golfdaro.com\/wp-content\/uploads\/2022\/01\/WhatsApp-Image-2022-01-20-at-10.02.04-1-1024x472.jpeg 1024w, https:\/\/www.golfdaro.com\/wp-content\/uploads\/2022\/01\/WhatsApp-Image-2022-01-20-at-10.02.04-1-768x354.jpeg 768w, https:\/\/www.golfdaro.com\/wp-content\/uploads\/2022\/01\/WhatsApp-Image-2022-01-20-at-10.02.04-1-1536x708.jpeg 1536w, https:\/\/www.golfdaro.com\/wp-content\/uploads\/2022\/01\/WhatsApp-Image-2022-01-20-at-10.02.04-1-100x46.jpeg 100w, https:\/\/www.golfdaro.com\/wp-content\/uploads\/2022\/01\/WhatsApp-Image-2022-01-20-at-10.02.04-1-173x80.jpeg 173w, https:\/\/www.golfdaro.com\/wp-content\/uploads\/2022\/01\/WhatsApp-Image-2022-01-20-at-10.02.04-1-394x182.jpeg 394w, https:\/\/www.golfdaro.com\/wp-content\/uploads\/2022\/01\/WhatsApp-Image-2022-01-20-at-10.02.04-1-915x422.jpeg 915w, https:\/\/www.golfdaro.com\/wp-content\/uploads\/2022\/01\/WhatsApp-Image-2022-01-20-at-10.02.04-1-1240x572.jpeg 1240w\" sizes=\"(max-width: 1600px) 100vw, 1600px\" \/><\/figure><\/li><\/ul><\/figure>\n<p><\/p>\n","protected":false},"excerpt":{"rendered":"<p>Aujourd&rsquo;hui a d\u00e9but\u00e9 la 48e \u00e9dition de l&rsquo;Interclubs Femenino de Catalu\u00f1a &#8211; Liguilla 2022, une comp\u00e9tition que notre \u00e9quipe f\u00e9minine dispute depuis 2018. &hellip; <a href=\"https:\/\/www.golfdaro.com\/fr\/equipe-feminine-interclubs-feminins-de-catalogne\/\">Read More<\/a><\/p>\n","protected":false},"author":2,"featured_media":17208,"comment_status":"open","ping_status":"closed","sticky":false,"template":"","format":"standard","meta":{"_eb_attr":"","footnotes":""},"categories":[142],"tags":[],"class_list":["post-17227","post","type-post","status-publish","format-standard","has-post-thumbnail","hentry","category-equipes-club-fr"],"yoast_head":"<!-- This site is optimized with the Yoast SEO plugin v27.4 - https:\/\/yoast.com\/product\/yoast-seo-wordpress\/ -->\n<title>\u00c9quipe f\u00e9minine - Interclubs f\u00e9minins de Catalogne - Club Golf d&#039;Aro<\/title>\n<meta name=\"robots\" content=\"index, follow, max-snippet:-1, max-image-preview:large, max-video-preview:-1\" \/>\n<link rel=\"canonical\" href=\"https:\/\/www.golfdaro.com\/fr\/equipe-feminine-interclubs-feminins-de-catalogne\/\" \/>\n<meta property=\"og:locale\" content=\"fr_FR\" \/>\n<meta property=\"og:type\" content=\"article\" \/>\n<meta property=\"og:title\" content=\"\u00c9quipe f\u00e9minine - Interclubs f\u00e9minins de Catalogne - Club Golf d&#039;Aro\" \/>\n<meta property=\"og:description\" content=\"Aujourd&#039;hui a d\u00e9but\u00e9 la 48e \u00e9dition de l&#039;Interclubs Femenino de Catalu\u00f1a - Liguilla 2022, une comp\u00e9tition que notre \u00e9quipe f\u00e9minine dispute depuis 2018. &hellip; Read More\" \/>\n<meta property=\"og:url\" content=\"https:\/\/www.golfdaro.com\/fr\/equipe-feminine-interclubs-feminins-de-catalogne\/\" \/>\n<meta property=\"og:site_name\" content=\"Club Golf d&#039;Aro\" \/>\n<meta property=\"article:publisher\" content=\"https:\/\/www.facebook.com\/golfdaro\/\" \/>\n<meta property=\"article:published_time\" content=\"2022-01-20T16:25:13+00:00\" \/>\n<meta property=\"article:modified_time\" content=\"2022-01-20T16:27:21+00:00\" \/>\n<meta property=\"og:image\" content=\"https:\/\/www.golfdaro.com\/wp-content\/uploads\/2022\/01\/WhatsApp-Image-2022-01-20-at-10.02.04.jpeg\" \/>\n\t<meta property=\"og:image:width\" content=\"1600\" \/>\n\t<meta property=\"og:image:height\" content=\"738\" \/>\n\t<meta property=\"og:image:type\" content=\"image\/jpeg\" \/>\n<meta name=\"author\" content=\"Golf d&#039;Aro\" \/>\n<meta name=\"twitter:card\" content=\"summary_large_image\" \/>\n<meta name=\"twitter:creator\" content=\"@soporte@lynkoo.com\" \/>\n<meta name=\"twitter:site\" content=\"@golfdaro\" \/>\n<meta name=\"twitter:label1\" content=\"\u00c9crit par\" \/>\n\t<meta name=\"twitter:data1\" content=\"Golf d&#039;Aro\" \/>\n<script type=\"application\/ld+json\" class=\"yoast-schema-graph\">{\"@context\":\"https:\\\/\\\/schema.org\",\"@graph\":[{\"@type\":\"Article\",\"@id\":\"https:\\\/\\\/www.golfdaro.com\\\/fr\\\/equipe-feminine-interclubs-feminins-de-catalogne\\\/#article\",\"isPartOf\":{\"@id\":\"https:\\\/\\\/www.golfdaro.com\\\/fr\\\/equipe-feminine-interclubs-feminins-de-catalogne\\\/\"},\"author\":{\"name\":\"Golf d'Aro\",\"@id\":\"https:\\\/\\\/www.golfdaro.com\\\/fr\\\/#\\\/schema\\\/person\\\/980cd1eadf261947ed9cebb018f36fd2\"},\"headline\":\"\u00c9quipe f\u00e9minine &#8211; Interclubs f\u00e9minins de Catalogne\",\"datePublished\":\"2022-01-20T16:25:13+00:00\",\"dateModified\":\"2022-01-20T16:27:21+00:00\",\"mainEntityOfPage\":{\"@id\":\"https:\\\/\\\/www.golfdaro.com\\\/fr\\\/equipe-feminine-interclubs-feminins-de-catalogne\\\/\"},\"wordCount\":102,\"commentCount\":0,\"publisher\":{\"@id\":\"https:\\\/\\\/www.golfdaro.com\\\/fr\\\/#organization\"},\"image\":{\"@id\":\"https:\\\/\\\/www.golfdaro.com\\\/fr\\\/equipe-feminine-interclubs-feminins-de-catalogne\\\/#primaryimage\"},\"thumbnailUrl\":\"https:\\\/\\\/www.golfdaro.com\\\/wp-content\\\/uploads\\\/2022\\\/01\\\/WhatsApp-Image-2022-01-20-at-10.02.04.jpeg\",\"articleSection\":[\"\u00c9quipes du Club\"],\"inLanguage\":\"fr-FR\",\"potentialAction\":[{\"@type\":\"CommentAction\",\"name\":\"Comment\",\"target\":[\"https:\\\/\\\/www.golfdaro.com\\\/fr\\\/equipe-feminine-interclubs-feminins-de-catalogne\\\/#respond\"]}]},{\"@type\":\"WebPage\",\"@id\":\"https:\\\/\\\/www.golfdaro.com\\\/fr\\\/equipe-feminine-interclubs-feminins-de-catalogne\\\/\",\"url\":\"https:\\\/\\\/www.golfdaro.com\\\/fr\\\/equipe-feminine-interclubs-feminins-de-catalogne\\\/\",\"name\":\"\u00c9quipe f\u00e9minine - Interclubs f\u00e9minins de Catalogne - Club Golf d&#039;Aro\",\"isPartOf\":{\"@id\":\"https:\\\/\\\/www.golfdaro.com\\\/fr\\\/#website\"},\"primaryImageOfPage\":{\"@id\":\"https:\\\/\\\/www.golfdaro.com\\\/fr\\\/equipe-feminine-interclubs-feminins-de-catalogne\\\/#primaryimage\"},\"image\":{\"@id\":\"https:\\\/\\\/www.golfdaro.com\\\/fr\\\/equipe-feminine-interclubs-feminins-de-catalogne\\\/#primaryimage\"},\"thumbnailUrl\":\"https:\\\/\\\/www.golfdaro.com\\\/wp-content\\\/uploads\\\/2022\\\/01\\\/WhatsApp-Image-2022-01-20-at-10.02.04.jpeg\",\"datePublished\":\"2022-01-20T16:25:13+00:00\",\"dateModified\":\"2022-01-20T16:27:21+00:00\",\"breadcrumb\":{\"@id\":\"https:\\\/\\\/www.golfdaro.com\\\/fr\\\/equipe-feminine-interclubs-feminins-de-catalogne\\\/#breadcrumb\"},\"inLanguage\":\"fr-FR\",\"potentialAction\":[{\"@type\":\"ReadAction\",\"target\":[\"https:\\\/\\\/www.golfdaro.com\\\/fr\\\/equipe-feminine-interclubs-feminins-de-catalogne\\\/\"]}]},{\"@type\":\"ImageObject\",\"inLanguage\":\"fr-FR\",\"@id\":\"https:\\\/\\\/www.golfdaro.com\\\/fr\\\/equipe-feminine-interclubs-feminins-de-catalogne\\\/#primaryimage\",\"url\":\"https:\\\/\\\/www.golfdaro.com\\\/wp-content\\\/uploads\\\/2022\\\/01\\\/WhatsApp-Image-2022-01-20-at-10.02.04.jpeg\",\"contentUrl\":\"https:\\\/\\\/www.golfdaro.com\\\/wp-content\\\/uploads\\\/2022\\\/01\\\/WhatsApp-Image-2022-01-20-at-10.02.04.jpeg\",\"width\":1600,\"height\":738},{\"@type\":\"BreadcrumbList\",\"@id\":\"https:\\\/\\\/www.golfdaro.com\\\/fr\\\/equipe-feminine-interclubs-feminins-de-catalogne\\\/#breadcrumb\",\"itemListElement\":[{\"@type\":\"ListItem\",\"position\":1,\"name\":\"Portada\",\"item\":\"https:\\\/\\\/www.golfdaro.com\\\/fr\\\/\"},{\"@type\":\"ListItem\",\"position\":2,\"name\":\"\u00c9quipe f\u00e9minine &#8211; Interclubs f\u00e9minins de Catalogne\"}]},{\"@type\":\"WebSite\",\"@id\":\"https:\\\/\\\/www.golfdaro.com\\\/fr\\\/#website\",\"url\":\"https:\\\/\\\/www.golfdaro.com\\\/fr\\\/\",\"name\":\"Club Golf d&#039;Aro\",\"description\":\"Vistas Impresionantes. Sin interrupciones\",\"publisher\":{\"@id\":\"https:\\\/\\\/www.golfdaro.com\\\/fr\\\/#organization\"},\"potentialAction\":[{\"@type\":\"SearchAction\",\"target\":{\"@type\":\"EntryPoint\",\"urlTemplate\":\"https:\\\/\\\/www.golfdaro.com\\\/fr\\\/?s={search_term_string}\"},\"query-input\":{\"@type\":\"PropertyValueSpecification\",\"valueRequired\":true,\"valueName\":\"search_term_string\"}}],\"inLanguage\":\"fr-FR\"},{\"@type\":\"Organization\",\"@id\":\"https:\\\/\\\/www.golfdaro.com\\\/fr\\\/#organization\",\"name\":\"Club Golf d'Aro - Mas Nou\",\"url\":\"https:\\\/\\\/www.golfdaro.com\\\/fr\\\/\",\"logo\":{\"@type\":\"ImageObject\",\"inLanguage\":\"fr-FR\",\"@id\":\"https:\\\/\\\/www.golfdaro.com\\\/fr\\\/#\\\/schema\\\/logo\\\/image\\\/\",\"url\":\"https:\\\/\\\/www.golfdaro.com\\\/wp-content\\\/uploads\\\/2021\\\/01\\\/Logo-Golf-Aro-transparent.png\",\"contentUrl\":\"https:\\\/\\\/www.golfdaro.com\\\/wp-content\\\/uploads\\\/2021\\\/01\\\/Logo-Golf-Aro-transparent.png\",\"width\":100,\"height\":100,\"caption\":\"Club Golf d'Aro - Mas Nou\"},\"image\":{\"@id\":\"https:\\\/\\\/www.golfdaro.com\\\/fr\\\/#\\\/schema\\\/logo\\\/image\\\/\"},\"sameAs\":[\"https:\\\/\\\/www.facebook.com\\\/golfdaro\\\/\",\"https:\\\/\\\/x.com\\\/golfdaro\",\"https:\\\/\\\/www.instagram.com\\\/golfdaro\\\/\",\"https:\\\/\\\/www.youtube.com\\\/channel\\\/UC728WxtMLhPa1qUCnMemzLQ\"]},{\"@type\":\"Person\",\"@id\":\"https:\\\/\\\/www.golfdaro.com\\\/fr\\\/#\\\/schema\\\/person\\\/980cd1eadf261947ed9cebb018f36fd2\",\"name\":\"Golf d'Aro\",\"image\":{\"@type\":\"ImageObject\",\"inLanguage\":\"fr-FR\",\"@id\":\"https:\\\/\\\/secure.gravatar.com\\\/avatar\\\/0ce322bb7493e42975b90c95840cf0bdfbfb16945a84e02e411a08566e84f20b?s=96&d=mm&r=g\",\"url\":\"https:\\\/\\\/secure.gravatar.com\\\/avatar\\\/0ce322bb7493e42975b90c95840cf0bdfbfb16945a84e02e411a08566e84f20b?s=96&d=mm&r=g\",\"contentUrl\":\"https:\\\/\\\/secure.gravatar.com\\\/avatar\\\/0ce322bb7493e42975b90c95840cf0bdfbfb16945a84e02e411a08566e84f20b?s=96&d=mm&r=g\",\"caption\":\"Golf d'Aro\"},\"sameAs\":[\"https:\\\/\\\/x.com\\\/soporte@lynkoo.com\"]}]}<\/script>\n<!-- \/ Yoast SEO plugin. -->","yoast_head_json":{"title":"\u00c9quipe f\u00e9minine - Interclubs f\u00e9minins de Catalogne - Club Golf d&#039;Aro","robots":{"index":"index","follow":"follow","max-snippet":"max-snippet:-1","max-image-preview":"max-image-preview:large","max-video-preview":"max-video-preview:-1"},"canonical":"https:\/\/www.golfdaro.com\/fr\/equipe-feminine-interclubs-feminins-de-catalogne\/","og_locale":"fr_FR","og_type":"article","og_title":"\u00c9quipe f\u00e9minine - Interclubs f\u00e9minins de Catalogne - Club Golf d&#039;Aro","og_description":"Aujourd'hui a d\u00e9but\u00e9 la 48e \u00e9dition de l'Interclubs Femenino de Catalu\u00f1a - Liguilla 2022, une comp\u00e9tition que notre \u00e9quipe f\u00e9minine dispute depuis 2018. &hellip; Read More","og_url":"https:\/\/www.golfdaro.com\/fr\/equipe-feminine-interclubs-feminins-de-catalogne\/","og_site_name":"Club Golf d&#039;Aro","article_publisher":"https:\/\/www.facebook.com\/golfdaro\/","article_published_time":"2022-01-20T16:25:13+00:00","article_modified_time":"2022-01-20T16:27:21+00:00","og_image":[{"width":1600,"height":738,"url":"https:\/\/www.golfdaro.com\/wp-content\/uploads\/2022\/01\/WhatsApp-Image-2022-01-20-at-10.02.04.jpeg","type":"image\/jpeg"}],"author":"Golf d'Aro","twitter_card":"summary_large_image","twitter_creator":"@soporte@lynkoo.com","twitter_site":"@golfdaro","twitter_misc":{"\u00c9crit par":"Golf d'Aro"},"schema":{"@context":"https:\/\/schema.org","@graph":[{"@type":"Article","@id":"https:\/\/www.golfdaro.com\/fr\/equipe-feminine-interclubs-feminins-de-catalogne\/#article","isPartOf":{"@id":"https:\/\/www.golfdaro.com\/fr\/equipe-feminine-interclubs-feminins-de-catalogne\/"},"author":{"name":"Golf d'Aro","@id":"https:\/\/www.golfdaro.com\/fr\/#\/schema\/person\/980cd1eadf261947ed9cebb018f36fd2"},"headline":"\u00c9quipe f\u00e9minine &#8211; Interclubs f\u00e9minins de Catalogne","datePublished":"2022-01-20T16:25:13+00:00","dateModified":"2022-01-20T16:27:21+00:00","mainEntityOfPage":{"@id":"https:\/\/www.golfdaro.com\/fr\/equipe-feminine-interclubs-feminins-de-catalogne\/"},"wordCount":102,"commentCount":0,"publisher":{"@id":"https:\/\/www.golfdaro.com\/fr\/#organization"},"image":{"@id":"https:\/\/www.golfdaro.com\/fr\/equipe-feminine-interclubs-feminins-de-catalogne\/#primaryimage"},"thumbnailUrl":"https:\/\/www.golfdaro.com\/wp-content\/uploads\/2022\/01\/WhatsApp-Image-2022-01-20-at-10.02.04.jpeg","articleSection":["\u00c9quipes du Club"],"inLanguage":"fr-FR","potentialAction":[{"@type":"CommentAction","name":"Comment","target":["https:\/\/www.golfdaro.com\/fr\/equipe-feminine-interclubs-feminins-de-catalogne\/#respond"]}]},{"@type":"WebPage","@id":"https:\/\/www.golfdaro.com\/fr\/equipe-feminine-interclubs-feminins-de-catalogne\/","url":"https:\/\/www.golfdaro.com\/fr\/equipe-feminine-interclubs-feminins-de-catalogne\/","name":"\u00c9quipe f\u00e9minine - Interclubs f\u00e9minins de Catalogne - Club Golf d&#039;Aro","isPartOf":{"@id":"https:\/\/www.golfdaro.com\/fr\/#website"},"primaryImageOfPage":{"@id":"https:\/\/www.golfdaro.com\/fr\/equipe-feminine-interclubs-feminins-de-catalogne\/#primaryimage"},"image":{"@id":"https:\/\/www.golfdaro.com\/fr\/equipe-feminine-interclubs-feminins-de-catalogne\/#primaryimage"},"thumbnailUrl":"https:\/\/www.golfdaro.com\/wp-content\/uploads\/2022\/01\/WhatsApp-Image-2022-01-20-at-10.02.04.jpeg","datePublished":"2022-01-20T16:25:13+00:00","dateModified":"2022-01-20T16:27:21+00:00","breadcrumb":{"@id":"https:\/\/www.golfdaro.com\/fr\/equipe-feminine-interclubs-feminins-de-catalogne\/#breadcrumb"},"inLanguage":"fr-FR","potentialAction":[{"@type":"ReadAction","target":["https:\/\/www.golfdaro.com\/fr\/equipe-feminine-interclubs-feminins-de-catalogne\/"]}]},{"@type":"ImageObject","inLanguage":"fr-FR","@id":"https:\/\/www.golfdaro.com\/fr\/equipe-feminine-interclubs-feminins-de-catalogne\/#primaryimage","url":"https:\/\/www.golfdaro.com\/wp-content\/uploads\/2022\/01\/WhatsApp-Image-2022-01-20-at-10.02.04.jpeg","contentUrl":"https:\/\/www.golfdaro.com\/wp-content\/uploads\/2022\/01\/WhatsApp-Image-2022-01-20-at-10.02.04.jpeg","width":1600,"height":738},{"@type":"BreadcrumbList","@id":"https:\/\/www.golfdaro.com\/fr\/equipe-feminine-interclubs-feminins-de-catalogne\/#breadcrumb","itemListElement":[{"@type":"ListItem","position":1,"name":"Portada","item":"https:\/\/www.golfdaro.com\/fr\/"},{"@type":"ListItem","position":2,"name":"\u00c9quipe f\u00e9minine &#8211; Interclubs f\u00e9minins de Catalogne"}]},{"@type":"WebSite","@id":"https:\/\/www.golfdaro.com\/fr\/#website","url":"https:\/\/www.golfdaro.com\/fr\/","name":"Club Golf d&#039;Aro","description":"Vistas Impresionantes. Sin interrupciones","publisher":{"@id":"https:\/\/www.golfdaro.com\/fr\/#organization"},"potentialAction":[{"@type":"SearchAction","target":{"@type":"EntryPoint","urlTemplate":"https:\/\/www.golfdaro.com\/fr\/?s={search_term_string}"},"query-input":{"@type":"PropertyValueSpecification","valueRequired":true,"valueName":"search_term_string"}}],"inLanguage":"fr-FR"},{"@type":"Organization","@id":"https:\/\/www.golfdaro.com\/fr\/#organization","name":"Club Golf d'Aro - Mas Nou","url":"https:\/\/www.golfdaro.com\/fr\/","logo":{"@type":"ImageObject","inLanguage":"fr-FR","@id":"https:\/\/www.golfdaro.com\/fr\/#\/schema\/logo\/image\/","url":"https:\/\/www.golfdaro.com\/wp-content\/uploads\/2021\/01\/Logo-Golf-Aro-transparent.png","contentUrl":"https:\/\/www.golfdaro.com\/wp-content\/uploads\/2021\/01\/Logo-Golf-Aro-transparent.png","width":100,"height":100,"caption":"Club Golf d'Aro - Mas Nou"},"image":{"@id":"https:\/\/www.golfdaro.com\/fr\/#\/schema\/logo\/image\/"},"sameAs":["https:\/\/www.facebook.com\/golfdaro\/","https:\/\/x.com\/golfdaro","https:\/\/www.instagram.com\/golfdaro\/","https:\/\/www.youtube.com\/channel\/UC728WxtMLhPa1qUCnMemzLQ"]},{"@type":"Person","@id":"https:\/\/www.golfdaro.com\/fr\/#\/schema\/person\/980cd1eadf261947ed9cebb018f36fd2","name":"Golf d'Aro","image":{"@type":"ImageObject","inLanguage":"fr-FR","@id":"https:\/\/secure.gravatar.com\/avatar\/0ce322bb7493e42975b90c95840cf0bdfbfb16945a84e02e411a08566e84f20b?s=96&d=mm&r=g","url":"https:\/\/secure.gravatar.com\/avatar\/0ce322bb7493e42975b90c95840cf0bdfbfb16945a84e02e411a08566e84f20b?s=96&d=mm&r=g","contentUrl":"https:\/\/secure.gravatar.com\/avatar\/0ce322bb7493e42975b90c95840cf0bdfbfb16945a84e02e411a08566e84f20b?s=96&d=mm&r=g","caption":"Golf d'Aro"},"sameAs":["https:\/\/x.com\/soporte@lynkoo.com"]}]}},"_links":{"self":[{"href":"https:\/\/www.golfdaro.com\/fr\/wp-json\/wp\/v2\/posts\/17227","targetHints":{"allow":["GET"]}}],"collection":[{"href":"https:\/\/www.golfdaro.com\/fr\/wp-json\/wp\/v2\/posts"}],"about":[{"href":"https:\/\/www.golfdaro.com\/fr\/wp-json\/wp\/v2\/types\/post"}],"author":[{"embeddable":true,"href":"https:\/\/www.golfdaro.com\/fr\/wp-json\/wp\/v2\/users\/2"}],"replies":[{"embeddable":true,"href":"https:\/\/www.golfdaro.com\/fr\/wp-json\/wp\/v2\/comments?post=17227"}],"version-history":[{"count":0,"href":"https:\/\/www.golfdaro.com\/fr\/wp-json\/wp\/v2\/posts\/17227\/revisions"}],"wp:featuredmedia":[{"embeddable":true,"href":"https:\/\/www.golfdaro.com\/fr\/wp-json\/wp\/v2\/media\/17208"}],"wp:attachment":[{"href":"https:\/\/www.golfdaro.com\/fr\/wp-json\/wp\/v2\/media?parent=17227"}],"wp:term":[{"taxonomy":"category","embeddable":true,"href":"https:\/\/www.golfdaro.com\/fr\/wp-json\/wp\/v2\/categories?post=17227"},{"taxonomy":"post_tag","embeddable":true,"href":"https:\/\/www.golfdaro.com\/fr\/wp-json\/wp\/v2\/tags?post=17227"}],"curies":[{"name":"wp","href":"https:\/\/api.w.org\/{rel}","templated":true}]}}