{"id":38683,"date":"2026-01-29T16:46:10","date_gmt":"2026-01-29T15:46:10","guid":{"rendered":"https:\/\/www.golfdaro.com\/nova-identitat-visual\/"},"modified":"2026-01-29T16:46:10","modified_gmt":"2026-01-29T15:46:10","slug":"nova-identitat-visual","status":"publish","type":"post","link":"https:\/\/www.golfdaro.com\/ca\/nova-identitat-visual\/","title":{"rendered":"Nova identitat visual"},"content":{"rendered":"\t\t<div data-elementor-type=\"wp-post\" data-elementor-id=\"38683\" class=\"elementor elementor-38683 elementor-38591\" data-elementor-post-type=\"post\">\n\t\t\t\t<div class=\"elementor-element elementor-element-729aa78 e-flex e-con-boxed e-con e-parent\" data-id=\"729aa78\" data-element_type=\"container\" data-e-type=\"container\">\n\t\t\t\t\t<div class=\"e-con-inner\">\n\t\t\t\t<div class=\"elementor-element elementor-element-3b593e6 elementor-widget elementor-widget-heading\" data-id=\"3b593e6\" data-element_type=\"widget\" data-e-type=\"widget\" data-widget_type=\"heading.default\">\n\t\t\t\t<div class=\"elementor-widget-container\">\n\t\t\t\t\t<h2 class=\"elementor-heading-title elementor-size-default\"><h2><b>Una evoluci\u00f3 de marca alineada amb el present i el futur de Club Golf d\u2019C\u00e8rcol<\/b><\/h2><\/h2>\t\t\t\t<\/div>\n\t\t\t\t<\/div>\n\t\t\t\t<div class=\"elementor-element elementor-element-349119c elementor-widget elementor-widget-image\" data-id=\"349119c\" data-element_type=\"widget\" data-e-type=\"widget\" data-widget_type=\"image.default\">\n\t\t\t\t<div class=\"elementor-widget-container\">\n\t\t\t\t\t\t\t\t\t\t\t\t\t\t\t<img fetchpriority=\"high\" decoding=\"async\" width=\"1024\" height=\"724\" src=\"https:\/\/www.golfdaro.com\/wp-content\/uploads\/2026\/01\/logotipos-golf-daro-costa-brava-1024x724.jpg\" class=\"attachment-large size-large wp-image-38680\" alt=\"logotips-golf-daro-costa-brava\" srcset=\"https:\/\/www.golfdaro.com\/wp-content\/uploads\/2026\/01\/logotipos-golf-daro-costa-brava-1024x724.jpg 1024w, https:\/\/www.golfdaro.com\/wp-content\/uploads\/2026\/01\/logotipos-golf-daro-costa-brava-300x212.jpg 300w, https:\/\/www.golfdaro.com\/wp-content\/uploads\/2026\/01\/logotipos-golf-daro-costa-brava-768x543.jpg 768w, https:\/\/www.golfdaro.com\/wp-content\/uploads\/2026\/01\/logotipos-golf-daro-costa-brava-1536x1086.jpg 1536w, https:\/\/www.golfdaro.com\/wp-content\/uploads\/2026\/01\/logotipos-golf-daro-costa-brava-2048x1448.jpg 2048w, https:\/\/www.golfdaro.com\/wp-content\/uploads\/2026\/01\/logotipos-golf-daro-costa-brava-65x46.jpg 65w, https:\/\/www.golfdaro.com\/wp-content\/uploads\/2026\/01\/logotipos-golf-daro-costa-brava-113x80.jpg 113w, https:\/\/www.golfdaro.com\/wp-content\/uploads\/2026\/01\/logotipos-golf-daro-costa-brava-394x279.jpg 394w, https:\/\/www.golfdaro.com\/wp-content\/uploads\/2026\/01\/logotipos-golf-daro-costa-brava-915x647.jpg 915w, https:\/\/www.golfdaro.com\/wp-content\/uploads\/2026\/01\/logotipos-golf-daro-costa-brava-1240x877.jpg 1240w, https:\/\/www.golfdaro.com\/wp-content\/uploads\/2026\/01\/logotipos-golf-daro-costa-brava-1528x1080.jpg 1528w, https:\/\/www.golfdaro.com\/wp-content\/uploads\/2026\/01\/logotipos-golf-daro-costa-brava-600x424.jpg 600w\" sizes=\"(max-width: 1024px) 100vw, 1024px\" \/>\t\t\t\t\t\t\t\t\t\t\t\t\t\t\t<\/div>\n\t\t\t\t<\/div>\n\t\t\t\t\t<\/div>\n\t\t\t\t<\/div>\n\t\t<div class=\"elementor-element elementor-element-5da3d76 e-flex e-con-boxed e-con e-parent\" data-id=\"5da3d76\" data-element_type=\"container\" data-e-type=\"container\">\n\t\t\t\t\t<div class=\"e-con-inner\">\n\t\t\t\t<div class=\"elementor-element elementor-element-3cde41e elementor-widget elementor-widget-text-editor\" data-id=\"3cde41e\" data-element_type=\"widget\" data-e-type=\"widget\" data-widget_type=\"text-editor.default\">\n\t\t\t\t<div class=\"elementor-widget-container\">\n\t\t\t\t\t\t\t\t\t<p><span style=\"font-weight: 400;\">Platja d\u2019Aro, 14 de gener de 2026,<\/span><\/p><p><span style=\"font-weight: 400;\"> <\/span><\/p><p><span style=\"font-weight: 400;\">En <\/span><b>Club Golf d\u2019Aro<\/b><span style=\"font-weight: 400;\"> iniciamos una nueva etapa con la presentaci\u00f3n de nuestra <\/span><b>nueva identidad visual y nuevo logo<\/b><span style=\"font-weight: 400;\">, una evoluci\u00f3n de nuestra marca que refleja fielmente qui\u00e9nes somos hoy y hacia d\u00f3nde queremos avanzar en el futuro.<\/span><\/p><p><span style=\"font-weight: 400;\"> <\/span><\/p><p><span style=\"font-weight: 400;\">Aquest proc\u00e9s de renovaci\u00f3 sorgeix d&#8217;una profunda reflexi\u00f3 sobre la nostra traject\u00f2ria, els nostres valors i el context actual del golf. Al llarg dels anys,   <\/span><b>Club Golf d&#8217;Aro<\/b> <span style=\"font-weight: 400;\">ha sabut evolucionar, adaptar-se i consolidar-se com a referent a la Costa Brava, i consider\u00e0vem que la nostra imatge havia d&#8217;acompanyar aquest creixement de forma coherent, actual i alineada amb els nous temps.<\/span><\/p><p><span style=\"font-weight: 400;\"> <\/span><\/p><p><span style=\"font-weight: 400;\">El nou<\/span> <span style=\"font-weight: 400;\">lloc representa una<\/span> <b>actualitzaci\u00f3 visual pensada per respondre a les exig\u00e8ncies del present i del futur<\/b><span style=\"font-weight: 400;\">, mantenint sempre l&#8217;enlla\u00e7 amb la nostra ess\u00e8ncia i la nostra hist\u00f2ria. No \u00e9s un canvi radical, sin\u00f3 una reinterpretaci\u00f3 que ens permet projectar una imatge m\u00e9s contempor\u00e0nia, elegant i vers\u00e0til, preparada per conviure en un entorn cada cop m\u00e9s digital i global. <\/span><\/p><p> <\/p><p><span style=\"font-weight: 400;\">Durant el desenvolupament d&#8217;aquesta nova identitat visual hem apostat per un disseny m\u00e9s clar, reconeixible i funcional, capa\u00e7 d&#8217;adaptar-se amb facilitat a tots els nostres suports i canals de comunicaci\u00f3, tant en l\u00ednia com offline. Aquesta versatilitat ens permet refor\u00e7ar la coher\u00e8ncia de marca i millorar la nostra visibilitat sense perdre el car\u00e0cter que ens defineix. <\/span><\/p><p><span style=\"font-weight: 400;\"> <\/span><\/p><p><span style=\"font-weight: 400;\">Cada element del nou logo ha estat treballat amb cura. Les formes, els colors i la tipografia responen a conceptes com la   <\/span><b>tradici\u00f3, naturalesa, excel\u00b7l\u00e8ncia i evoluci\u00f3<\/b><span style=\"font-weight: 400;\">, valors profundament lligats al Club Golf d&#8217;Aro i al seu entorn privilegiat a la Costa Brava. La nova identitat cerca transmetre equilibri entre hist\u00f2ria i modernitat, respectant els nostres or\u00edgens i projectant-se amb ambici\u00f3 cap al futur. <\/span><\/p><p><span style=\"font-weight: 400;\"> <\/span><\/p><p><span style=\"font-weight: 400;\">Aquesta renovaci\u00f3 de marca es produeix en un context de creixement i projecci\u00f3 del golf a la Costa Brava ia Catalunya, amb la celebraci\u00f3 de la<\/span> <b>Ryder Cup del 2031 a Camiral Golf &amp; Wellness<\/b><span style=\"font-weight: 400;\">  com una de les grans fites que marcaran els propers anys. Un escenari que refor\u00e7a la nostra aposta per l&#8217;evoluci\u00f3 constant i per continuar contribuint al posicionament de la regi\u00f3 com a destinaci\u00f3 de golf de primer nivell. <\/span><\/p><p><span style=\"font-weight: 400;\"> <\/span><\/p><p><span style=\"font-weight: 400;\">Per nosaltres, aquest ca<\/span><span style=\"font-weight: 400;\">mbi dimatge va molt m\u00e9s enll\u00e0 duna renovaci\u00f3 est\u00e8tica. \u00c9s una   <\/span><b>declaraci\u00f3 d&#8217;intencions<\/b> <span style=\"font-weight: 400;\">, una manera de comunicar que seguim avan\u00e7ant, que apostem per la millora cont\u00ednua i que mantenim intacte el nostre comprom\u00eds amb els nostres socis, jugadors i visitants, oferint-los una experi\u00e8ncia de golf de qualitat en un entorn \u00fanic.<\/span><\/p><p><span style=\"font-weight: 400;\"> <\/span><\/p><p><span style=\"font-weight: 400;\">Aquesta nova identitat visual s&#8217;implementar\u00e0 de manera progressiva a totes les nostres plataformes, senyal\u00e8tica, material corporatiu i canals digitals, acompanyant-nos en aquesta nova etapa i refor\u00e7ant el nostre posicionament com un dels camps de refer\u00e8ncia de la Costa Brava.<\/span><\/p><p><span style=\"font-weight: 400;\"> <\/span><\/p><p><span style=\"font-weight: 400;\">Amb aquesta evoluci\u00f3 de marca, reafirmem la nostra voluntat de continuar creixent, adaptant-nos a les noves generacions de golfistes i consolidant un projecte que mira cap al futur sense perdre de vista la seva ess\u00e8ncia.<\/span><\/p>\t\t\t\t\t\t\t\t<\/div>\n\t\t\t\t<\/div>\n\t\t\t\t<div class=\"elementor-element elementor-element-a9937fd elementor-widget elementor-widget-image\" data-id=\"a9937fd\" data-element_type=\"widget\" data-e-type=\"widget\" data-widget_type=\"image.default\">\n\t\t\t\t<div class=\"elementor-widget-container\">\n\t\t\t\t\t\t\t\t\t\t\t\t\t\t\t<img decoding=\"async\" width=\"150\" height=\"150\" src=\"https:\/\/www.golfdaro.com\/wp-content\/uploads\/2026\/01\/logo-club-golf-daro-mas-nou-150x150.png\" class=\"attachment-thumbnail size-thumbnail wp-image-38681\" alt=\"\" srcset=\"https:\/\/www.golfdaro.com\/wp-content\/uploads\/2026\/01\/logo-club-golf-daro-mas-nou-150x150.png 150w, https:\/\/www.golfdaro.com\/wp-content\/uploads\/2026\/01\/logo-club-golf-daro-mas-nou-394x394.png 394w, https:\/\/www.golfdaro.com\/wp-content\/uploads\/2026\/01\/logo-club-golf-daro-mas-nou-100x100.png 100w\" sizes=\"(max-width: 150px) 100vw, 150px\" \/>\t\t\t\t\t\t\t\t\t\t\t\t\t\t\t<\/div>\n\t\t\t\t<\/div>\n\t\t\t\t\t<\/div>\n\t\t\t\t<\/div>\n\t\t<div class=\"elementor-element elementor-element-de23249 e-flex e-con-boxed e-con e-parent\" data-id=\"de23249\" data-element_type=\"container\" data-e-type=\"container\">\n\t\t\t\t\t<div class=\"e-con-inner\">\n\t\t\t\t\t<\/div>\n\t\t\t\t<\/div>\n\t\t\t\t<\/div>\n\t\t","protected":false},"excerpt":{"rendered":"<p>Presentem la nostra nova identitat visual: una evoluci\u00f3 de marca alineada amb el present i el futur de Club Golf d&#8217;Aro<br \/>\n &hellip; <a href=\"https:\/\/www.golfdaro.com\/ca\/nova-identitat-visual\/\">Read More<\/a><\/p>\n","protected":false},"author":2,"featured_media":38682,"comment_status":"closed","ping_status":"closed","sticky":false,"template":"","format":"standard","meta":{"_eb_attr":"","footnotes":""},"categories":[165],"tags":[524,461,65,424,619],"class_list":["post-38683","post","type-post","status-publish","format-standard","has-post-thumbnail","hentry","category-activitats-club","tag-club-golf-daro","tag-costa-brava","tag-golf-daro","tag-golf-daro-mes-nou","tag-nou-logotip"],"yoast_head":"<!-- This site is optimized with the Yoast SEO plugin v27.4 - https:\/\/yoast.com\/product\/yoast-seo-wordpress\/ -->\n<title>Nova identitat visual - Club Golf d&#039;Aro<\/title>\n<meta name=\"robots\" content=\"index, follow, max-snippet:-1, max-image-preview:large, max-video-preview:-1\" \/>\n<link rel=\"canonical\" href=\"https:\/\/www.golfdaro.com\/ca\/nova-identitat-visual\/\" \/>\n<meta property=\"og:locale\" content=\"ca_ES\" \/>\n<meta property=\"og:type\" content=\"article\" \/>\n<meta property=\"og:title\" content=\"Nova identitat visual - Club Golf d&#039;Aro\" \/>\n<meta property=\"og:description\" content=\"Presentem la nostra nova identitat visual: una evoluci\u00f3 de marca alineada amb el present i el futur de Club Golf d&#039;Aro &hellip; Read More\" \/>\n<meta property=\"og:url\" content=\"https:\/\/www.golfdaro.com\/ca\/nova-identitat-visual\/\" \/>\n<meta property=\"og:site_name\" content=\"Club Golf d&#039;Aro\" \/>\n<meta property=\"article:publisher\" content=\"https:\/\/www.facebook.com\/golfdaro\/\" \/>\n<meta property=\"article:published_time\" content=\"2026-01-29T15:46:10+00:00\" \/>\n<meta property=\"og:image\" content=\"https:\/\/www.golfdaro.com\/wp-content\/uploads\/2026\/01\/Logo-del-Club-Golf-dAro-3-e1769161707112.png\" \/>\n\t<meta property=\"og:image:width\" content=\"703\" \/>\n\t<meta property=\"og:image:height\" content=\"672\" \/>\n\t<meta property=\"og:image:type\" content=\"image\/png\" \/>\n<meta name=\"author\" content=\"Golf d&#039;Aro\" \/>\n<meta name=\"twitter:card\" content=\"summary_large_image\" \/>\n<meta name=\"twitter:creator\" content=\"@soporte@lynkoo.com\" \/>\n<meta name=\"twitter:site\" content=\"@golfdaro\" \/>\n<meta name=\"twitter:label1\" content=\"Escrit per\" \/>\n\t<meta name=\"twitter:data1\" content=\"Golf d&#039;Aro\" \/>\n\t<meta name=\"twitter:label2\" content=\"Temps estimat de lectura\" \/>\n\t<meta name=\"twitter:data2\" content=\"3 minuts\" \/>\n<script type=\"application\/ld+json\" class=\"yoast-schema-graph\">{\"@context\":\"https:\\\/\\\/schema.org\",\"@graph\":[{\"@type\":\"Article\",\"@id\":\"https:\\\/\\\/www.golfdaro.com\\\/ca\\\/nova-identitat-visual\\\/#article\",\"isPartOf\":{\"@id\":\"https:\\\/\\\/www.golfdaro.com\\\/ca\\\/nova-identitat-visual\\\/\"},\"author\":{\"name\":\"Golf d'Aro\",\"@id\":\"https:\\\/\\\/www.golfdaro.com\\\/ca\\\/#\\\/schema\\\/person\\\/980cd1eadf261947ed9cebb018f36fd2\"},\"headline\":\"Nova identitat visual\",\"datePublished\":\"2026-01-29T15:46:10+00:00\",\"mainEntityOfPage\":{\"@id\":\"https:\\\/\\\/www.golfdaro.com\\\/ca\\\/nova-identitat-visual\\\/\"},\"wordCount\":550,\"publisher\":{\"@id\":\"https:\\\/\\\/www.golfdaro.com\\\/ca\\\/#organization\"},\"image\":{\"@id\":\"https:\\\/\\\/www.golfdaro.com\\\/ca\\\/nova-identitat-visual\\\/#primaryimage\"},\"thumbnailUrl\":\"https:\\\/\\\/www.golfdaro.com\\\/wp-content\\\/uploads\\\/2026\\\/01\\\/Logo-del-Club-Golf-dAro-3-e1769161707112.png\",\"keywords\":[\"club golf d'aro\",\"Costa Brava\",\"golf d'aro\",\"golf d'aro m\u00e9s nou\",\"nou logotip\"],\"articleSection\":[\"Activitats Club\"],\"inLanguage\":\"ca\"},{\"@type\":\"WebPage\",\"@id\":\"https:\\\/\\\/www.golfdaro.com\\\/ca\\\/nova-identitat-visual\\\/\",\"url\":\"https:\\\/\\\/www.golfdaro.com\\\/ca\\\/nova-identitat-visual\\\/\",\"name\":\"Nova identitat visual - Club Golf d&#039;Aro\",\"isPartOf\":{\"@id\":\"https:\\\/\\\/www.golfdaro.com\\\/ca\\\/#website\"},\"primaryImageOfPage\":{\"@id\":\"https:\\\/\\\/www.golfdaro.com\\\/ca\\\/nova-identitat-visual\\\/#primaryimage\"},\"image\":{\"@id\":\"https:\\\/\\\/www.golfdaro.com\\\/ca\\\/nova-identitat-visual\\\/#primaryimage\"},\"thumbnailUrl\":\"https:\\\/\\\/www.golfdaro.com\\\/wp-content\\\/uploads\\\/2026\\\/01\\\/Logo-del-Club-Golf-dAro-3-e1769161707112.png\",\"datePublished\":\"2026-01-29T15:46:10+00:00\",\"breadcrumb\":{\"@id\":\"https:\\\/\\\/www.golfdaro.com\\\/ca\\\/nova-identitat-visual\\\/#breadcrumb\"},\"inLanguage\":\"ca\",\"potentialAction\":[{\"@type\":\"ReadAction\",\"target\":[\"https:\\\/\\\/www.golfdaro.com\\\/ca\\\/nova-identitat-visual\\\/\"]}]},{\"@type\":\"ImageObject\",\"inLanguage\":\"ca\",\"@id\":\"https:\\\/\\\/www.golfdaro.com\\\/ca\\\/nova-identitat-visual\\\/#primaryimage\",\"url\":\"https:\\\/\\\/www.golfdaro.com\\\/wp-content\\\/uploads\\\/2026\\\/01\\\/Logo-del-Club-Golf-dAro-3-e1769161707112.png\",\"contentUrl\":\"https:\\\/\\\/www.golfdaro.com\\\/wp-content\\\/uploads\\\/2026\\\/01\\\/Logo-del-Club-Golf-dAro-3-e1769161707112.png\",\"width\":703,\"height\":672},{\"@type\":\"BreadcrumbList\",\"@id\":\"https:\\\/\\\/www.golfdaro.com\\\/ca\\\/nova-identitat-visual\\\/#breadcrumb\",\"itemListElement\":[{\"@type\":\"ListItem\",\"position\":1,\"name\":\"Portada\",\"item\":\"https:\\\/\\\/www.golfdaro.com\\\/ca\\\/\"},{\"@type\":\"ListItem\",\"position\":2,\"name\":\"Nova identitat visual\"}]},{\"@type\":\"WebSite\",\"@id\":\"https:\\\/\\\/www.golfdaro.com\\\/ca\\\/#website\",\"url\":\"https:\\\/\\\/www.golfdaro.com\\\/ca\\\/\",\"name\":\"Club Golf d&#039;Aro\",\"description\":\"Vistas Impresionantes. Sin interrupciones\",\"publisher\":{\"@id\":\"https:\\\/\\\/www.golfdaro.com\\\/ca\\\/#organization\"},\"potentialAction\":[{\"@type\":\"SearchAction\",\"target\":{\"@type\":\"EntryPoint\",\"urlTemplate\":\"https:\\\/\\\/www.golfdaro.com\\\/ca\\\/?s={search_term_string}\"},\"query-input\":{\"@type\":\"PropertyValueSpecification\",\"valueRequired\":true,\"valueName\":\"search_term_string\"}}],\"inLanguage\":\"ca\"},{\"@type\":\"Organization\",\"@id\":\"https:\\\/\\\/www.golfdaro.com\\\/ca\\\/#organization\",\"name\":\"Club Golf d'Aro - Mas Nou\",\"url\":\"https:\\\/\\\/www.golfdaro.com\\\/ca\\\/\",\"logo\":{\"@type\":\"ImageObject\",\"inLanguage\":\"ca\",\"@id\":\"https:\\\/\\\/www.golfdaro.com\\\/ca\\\/#\\\/schema\\\/logo\\\/image\\\/\",\"url\":\"https:\\\/\\\/www.golfdaro.com\\\/wp-content\\\/uploads\\\/2021\\\/01\\\/Logo-Golf-Aro-transparent.png\",\"contentUrl\":\"https:\\\/\\\/www.golfdaro.com\\\/wp-content\\\/uploads\\\/2021\\\/01\\\/Logo-Golf-Aro-transparent.png\",\"width\":100,\"height\":100,\"caption\":\"Club Golf d'Aro - Mas Nou\"},\"image\":{\"@id\":\"https:\\\/\\\/www.golfdaro.com\\\/ca\\\/#\\\/schema\\\/logo\\\/image\\\/\"},\"sameAs\":[\"https:\\\/\\\/www.facebook.com\\\/golfdaro\\\/\",\"https:\\\/\\\/x.com\\\/golfdaro\",\"https:\\\/\\\/www.instagram.com\\\/golfdaro\\\/\",\"https:\\\/\\\/www.youtube.com\\\/channel\\\/UC728WxtMLhPa1qUCnMemzLQ\"]},{\"@type\":\"Person\",\"@id\":\"https:\\\/\\\/www.golfdaro.com\\\/ca\\\/#\\\/schema\\\/person\\\/980cd1eadf261947ed9cebb018f36fd2\",\"name\":\"Golf d'Aro\",\"image\":{\"@type\":\"ImageObject\",\"inLanguage\":\"ca\",\"@id\":\"https:\\\/\\\/secure.gravatar.com\\\/avatar\\\/0ce322bb7493e42975b90c95840cf0bdfbfb16945a84e02e411a08566e84f20b?s=96&d=mm&r=g\",\"url\":\"https:\\\/\\\/secure.gravatar.com\\\/avatar\\\/0ce322bb7493e42975b90c95840cf0bdfbfb16945a84e02e411a08566e84f20b?s=96&d=mm&r=g\",\"contentUrl\":\"https:\\\/\\\/secure.gravatar.com\\\/avatar\\\/0ce322bb7493e42975b90c95840cf0bdfbfb16945a84e02e411a08566e84f20b?s=96&d=mm&r=g\",\"caption\":\"Golf d'Aro\"},\"sameAs\":[\"https:\\\/\\\/x.com\\\/soporte@lynkoo.com\"]}]}<\/script>\n<!-- \/ Yoast SEO plugin. -->","yoast_head_json":{"title":"Nova identitat visual - Club Golf d&#039;Aro","robots":{"index":"index","follow":"follow","max-snippet":"max-snippet:-1","max-image-preview":"max-image-preview:large","max-video-preview":"max-video-preview:-1"},"canonical":"https:\/\/www.golfdaro.com\/ca\/nova-identitat-visual\/","og_locale":"ca_ES","og_type":"article","og_title":"Nova identitat visual - Club Golf d&#039;Aro","og_description":"Presentem la nostra nova identitat visual: una evoluci\u00f3 de marca alineada amb el present i el futur de Club Golf d'Aro &hellip; Read More","og_url":"https:\/\/www.golfdaro.com\/ca\/nova-identitat-visual\/","og_site_name":"Club Golf d&#039;Aro","article_publisher":"https:\/\/www.facebook.com\/golfdaro\/","article_published_time":"2026-01-29T15:46:10+00:00","og_image":[{"width":703,"height":672,"url":"https:\/\/www.golfdaro.com\/wp-content\/uploads\/2026\/01\/Logo-del-Club-Golf-dAro-3-e1769161707112.png","type":"image\/png"}],"author":"Golf d'Aro","twitter_card":"summary_large_image","twitter_creator":"@soporte@lynkoo.com","twitter_site":"@golfdaro","twitter_misc":{"Escrit per":"Golf d'Aro","Temps estimat de lectura":"3 minuts"},"schema":{"@context":"https:\/\/schema.org","@graph":[{"@type":"Article","@id":"https:\/\/www.golfdaro.com\/ca\/nova-identitat-visual\/#article","isPartOf":{"@id":"https:\/\/www.golfdaro.com\/ca\/nova-identitat-visual\/"},"author":{"name":"Golf d'Aro","@id":"https:\/\/www.golfdaro.com\/ca\/#\/schema\/person\/980cd1eadf261947ed9cebb018f36fd2"},"headline":"Nova identitat visual","datePublished":"2026-01-29T15:46:10+00:00","mainEntityOfPage":{"@id":"https:\/\/www.golfdaro.com\/ca\/nova-identitat-visual\/"},"wordCount":550,"publisher":{"@id":"https:\/\/www.golfdaro.com\/ca\/#organization"},"image":{"@id":"https:\/\/www.golfdaro.com\/ca\/nova-identitat-visual\/#primaryimage"},"thumbnailUrl":"https:\/\/www.golfdaro.com\/wp-content\/uploads\/2026\/01\/Logo-del-Club-Golf-dAro-3-e1769161707112.png","keywords":["club golf d'aro","Costa Brava","golf d'aro","golf d'aro m\u00e9s nou","nou logotip"],"articleSection":["Activitats Club"],"inLanguage":"ca"},{"@type":"WebPage","@id":"https:\/\/www.golfdaro.com\/ca\/nova-identitat-visual\/","url":"https:\/\/www.golfdaro.com\/ca\/nova-identitat-visual\/","name":"Nova identitat visual - Club Golf d&#039;Aro","isPartOf":{"@id":"https:\/\/www.golfdaro.com\/ca\/#website"},"primaryImageOfPage":{"@id":"https:\/\/www.golfdaro.com\/ca\/nova-identitat-visual\/#primaryimage"},"image":{"@id":"https:\/\/www.golfdaro.com\/ca\/nova-identitat-visual\/#primaryimage"},"thumbnailUrl":"https:\/\/www.golfdaro.com\/wp-content\/uploads\/2026\/01\/Logo-del-Club-Golf-dAro-3-e1769161707112.png","datePublished":"2026-01-29T15:46:10+00:00","breadcrumb":{"@id":"https:\/\/www.golfdaro.com\/ca\/nova-identitat-visual\/#breadcrumb"},"inLanguage":"ca","potentialAction":[{"@type":"ReadAction","target":["https:\/\/www.golfdaro.com\/ca\/nova-identitat-visual\/"]}]},{"@type":"ImageObject","inLanguage":"ca","@id":"https:\/\/www.golfdaro.com\/ca\/nova-identitat-visual\/#primaryimage","url":"https:\/\/www.golfdaro.com\/wp-content\/uploads\/2026\/01\/Logo-del-Club-Golf-dAro-3-e1769161707112.png","contentUrl":"https:\/\/www.golfdaro.com\/wp-content\/uploads\/2026\/01\/Logo-del-Club-Golf-dAro-3-e1769161707112.png","width":703,"height":672},{"@type":"BreadcrumbList","@id":"https:\/\/www.golfdaro.com\/ca\/nova-identitat-visual\/#breadcrumb","itemListElement":[{"@type":"ListItem","position":1,"name":"Portada","item":"https:\/\/www.golfdaro.com\/ca\/"},{"@type":"ListItem","position":2,"name":"Nova identitat visual"}]},{"@type":"WebSite","@id":"https:\/\/www.golfdaro.com\/ca\/#website","url":"https:\/\/www.golfdaro.com\/ca\/","name":"Club Golf d&#039;Aro","description":"Vistas Impresionantes. Sin interrupciones","publisher":{"@id":"https:\/\/www.golfdaro.com\/ca\/#organization"},"potentialAction":[{"@type":"SearchAction","target":{"@type":"EntryPoint","urlTemplate":"https:\/\/www.golfdaro.com\/ca\/?s={search_term_string}"},"query-input":{"@type":"PropertyValueSpecification","valueRequired":true,"valueName":"search_term_string"}}],"inLanguage":"ca"},{"@type":"Organization","@id":"https:\/\/www.golfdaro.com\/ca\/#organization","name":"Club Golf d'Aro - Mas Nou","url":"https:\/\/www.golfdaro.com\/ca\/","logo":{"@type":"ImageObject","inLanguage":"ca","@id":"https:\/\/www.golfdaro.com\/ca\/#\/schema\/logo\/image\/","url":"https:\/\/www.golfdaro.com\/wp-content\/uploads\/2021\/01\/Logo-Golf-Aro-transparent.png","contentUrl":"https:\/\/www.golfdaro.com\/wp-content\/uploads\/2021\/01\/Logo-Golf-Aro-transparent.png","width":100,"height":100,"caption":"Club Golf d'Aro - Mas Nou"},"image":{"@id":"https:\/\/www.golfdaro.com\/ca\/#\/schema\/logo\/image\/"},"sameAs":["https:\/\/www.facebook.com\/golfdaro\/","https:\/\/x.com\/golfdaro","https:\/\/www.instagram.com\/golfdaro\/","https:\/\/www.youtube.com\/channel\/UC728WxtMLhPa1qUCnMemzLQ"]},{"@type":"Person","@id":"https:\/\/www.golfdaro.com\/ca\/#\/schema\/person\/980cd1eadf261947ed9cebb018f36fd2","name":"Golf d'Aro","image":{"@type":"ImageObject","inLanguage":"ca","@id":"https:\/\/secure.gravatar.com\/avatar\/0ce322bb7493e42975b90c95840cf0bdfbfb16945a84e02e411a08566e84f20b?s=96&d=mm&r=g","url":"https:\/\/secure.gravatar.com\/avatar\/0ce322bb7493e42975b90c95840cf0bdfbfb16945a84e02e411a08566e84f20b?s=96&d=mm&r=g","contentUrl":"https:\/\/secure.gravatar.com\/avatar\/0ce322bb7493e42975b90c95840cf0bdfbfb16945a84e02e411a08566e84f20b?s=96&d=mm&r=g","caption":"Golf d'Aro"},"sameAs":["https:\/\/x.com\/soporte@lynkoo.com"]}]}},"_links":{"self":[{"href":"https:\/\/www.golfdaro.com\/ca\/wp-json\/wp\/v2\/posts\/38683","targetHints":{"allow":["GET"]}}],"collection":[{"href":"https:\/\/www.golfdaro.com\/ca\/wp-json\/wp\/v2\/posts"}],"about":[{"href":"https:\/\/www.golfdaro.com\/ca\/wp-json\/wp\/v2\/types\/post"}],"author":[{"embeddable":true,"href":"https:\/\/www.golfdaro.com\/ca\/wp-json\/wp\/v2\/users\/2"}],"replies":[{"embeddable":true,"href":"https:\/\/www.golfdaro.com\/ca\/wp-json\/wp\/v2\/comments?post=38683"}],"version-history":[{"count":1,"href":"https:\/\/www.golfdaro.com\/ca\/wp-json\/wp\/v2\/posts\/38683\/revisions"}],"predecessor-version":[{"id":38684,"href":"https:\/\/www.golfdaro.com\/ca\/wp-json\/wp\/v2\/posts\/38683\/revisions\/38684"}],"wp:featuredmedia":[{"embeddable":true,"href":"https:\/\/www.golfdaro.com\/ca\/wp-json\/wp\/v2\/media\/38682"}],"wp:attachment":[{"href":"https:\/\/www.golfdaro.com\/ca\/wp-json\/wp\/v2\/media?parent=38683"}],"wp:term":[{"taxonomy":"category","embeddable":true,"href":"https:\/\/www.golfdaro.com\/ca\/wp-json\/wp\/v2\/categories?post=38683"},{"taxonomy":"post_tag","embeddable":true,"href":"https:\/\/www.golfdaro.com\/ca\/wp-json\/wp\/v2\/tags?post=38683"}],"curies":[{"name":"wp","href":"https:\/\/api.w.org\/{rel}","templated":true}]}}