{"id":3311,"date":"2020-10-29T11:18:29","date_gmt":"2020-10-29T10:18:29","guid":{"rendered":"https:\/\/www.golfdaro.com\/club-golf-daro-mas-nou-agraeix-al-seu-personal-pel-seu-treball\/"},"modified":"2022-06-10T13:02:11","modified_gmt":"2022-06-10T11:02:11","slug":"club-golf-daro-mas-nou-agraeix-al-seu-personal-pel-seu-treball","status":"publish","type":"post","link":"https:\/\/www.golfdaro.com\/ca\/club-golf-daro-mas-nou-agraeix-al-seu-personal-pel-seu-treball\/","title":{"rendered":"Personal de Golf d&#8217;Aro"},"content":{"rendered":"\n<h2 class=\"wp-block-heading\">Club Golf d&#8217;Aro refor\u00e7a el seu personal amb noves incorporacions i agra\u00efments&#13;\n<\/h2>\n<div class=\"wp-block-image\">\n<figure class=\"aligncenter\"><img decoding=\"async\" src=\"https:\/\/www.golfdaro.com\/wp-content\/uploads\/2021\/02\/Golf-Daro-Personal-2020-2.jpg\" alt=\"\"\/><\/figure><\/div>\n<p>Club Golf d\u2019Aro \u2013 Mas Nou ha refor\u00e7at el seu personal amb noves incorporacions i estructura, en un any en que tot l\u2019equip ha hagut de treballar dur per suportar i sobreposar-se a les conseq\u00fc\u00e8ncies de la pand\u00e8mia.<\/p>\n<div class=\"wp-block-image\">\n<figure class=\"aligncenter\"><img decoding=\"async\" src=\"https:\/\/www.golfdaro.com\/wp-content\/uploads\/2021\/02\/Golf-Daro-Antonio.jpg\" alt=\"\"\/><\/figure><\/div>\n<p>I dins d\u2019aquest context, cal destacar la jubilaci\u00f3 del treballador m\u00e9s antic de l\u2019equip, el caddy m\u00e0ster Antoni, considerat per molts golfistes que visiten el camp com un personatge entranyable lligat al camp \u2018de tota la vida\u2019.<\/p>\n\n<p>&#8220;<em>Golf d\u2019Aro agraeix a Antonio aquests m\u00e9s de 14 anys de professionalitat, entrega i dedicaci\u00f3. Li desitgem el millor en la seva nova etapa de jubilaci\u00f3&#8221;<\/em>, comenta Roc\u00edo Aranda, directora de Club Golf d\u2019Aro, abans que el club li reti homenatge amb un petit acte de comiat.<\/p>\n<div class=\"wp-block-image\">\n<figure class=\"aligncenter\"><img decoding=\"async\" src=\"https:\/\/www.golfdaro.com\/wp-content\/uploads\/2021\/02\/Golf-daro-Caddie-Marshalls.jpg\" alt=\"\"\/><\/figure><\/div>\n<p>El club ja ha presentat al seu nou equip <strong>Gabriel Hern\u00e1ndez<\/strong> i <strong>Adri\u00e1n Montoto,<\/strong> dos joves amb moltes ganes i iniciativa, que ja exerceixen tots dos com a marshalls i caddy masters del club.<\/p>\n<div class=\"wp-block-image\">\n<figure class=\"aligncenter\"><img decoding=\"async\" src=\"https:\/\/www.golfdaro.com\/wp-content\/uploads\/2021\/02\/Golf-daro-Rocio-Aranda.jpg\" alt=\"\"\/><\/figure><\/div>\n<p>Una altra novetat aquest any ha estat el trasllat definitiu de la recepci\u00f3 i les oficines, ubicades abans a l&#8217;emblem\u00e0tica masia de\u00a0<strong>Golf d\u2019Aro<\/strong>, fins a dalt, a les instal\u00b7lacions del camp de pr\u00e0ctiques, al costat de la<strong>\u00a0Golf d\u2019Aro Academy<\/strong>.<\/p>\n<div class=\"wp-block-image\">\n<figure class=\"aligncenter\"><img decoding=\"async\" src=\"https:\/\/www.golfdaro.com\/wp-content\/uploads\/2021\/02\/Golf-daro-Pro-shop.jpg\" alt=\"\"\/><\/figure><\/div><div class=\"wp-block-image\">\n<figure class=\"aligncenter\"><img decoding=\"async\" src=\"https:\/\/www.golfdaro.com\/wp-content\/uploads\/2021\/02\/Golf-daro-Monica-Buxo.jpg\" alt=\"\"\/><\/figure><\/div>\n<p>All\u00e0 hi ha la Proshop i es disposa de m\u00e9s espai per a la gesti\u00f3 dels greenfees, la venda de material de golf i l&#8217;administraci\u00f3. A l&#8217;atent servei dels clients hi ha <strong>Ester, M\u00f2nica, Beth i Marta.<\/strong><\/p>\n\n<p>Finalment, la direcci\u00f3 del club ha agra\u00eft a<strong> l&#8217;equip de jardineria<\/strong> tota la gran feina feta durant, i des, els mesos del confinament per la Covid-19, que mantenen el camp de les Gavarres en excel\u00b7lents condicions.<\/p>\n<div class=\"wp-block-image\">\n<figure class=\"aligncenter\"><img decoding=\"async\" src=\"https:\/\/www.golfdaro.com\/wp-content\/uploads\/2021\/02\/Golf-daro-Eq-Jardineria.jpg\" alt=\"\"\/><\/figure><\/div>\n<p>Sota la direcci\u00f3 d&#8217;<strong>Adri\u00e1n Mu\u00f1oz<\/strong>,<em> head greenkeeper<\/em>, el camp ha millorat l&#8217;estat dels bunkers, ha revitalitzat l&#8217;herba dels carrers i ha augmentat la velocitat dels greens. Com a mostra d&#8217;aix\u00f2 es va fer una foto de fam\u00edlia, amb tota la maquin\u00e0ria, a l&#8217;antegreen del forat 18.<\/p>\n\n<p>Per <a href=\"http:\/\/www.mygolfway.com\/\">MyGolfWay.com<\/a><\/p>\n\n<p>Miguel \u00c1ngel Buil<\/p>\n","protected":false},"excerpt":{"rendered":"<p>Octubre 2020 &#8211; Noves incorporacions i agra\u00efments a tots els equips &hellip; <a href=\"https:\/\/www.golfdaro.com\/ca\/club-golf-daro-mas-nou-agraeix-al-seu-personal-pel-seu-treball\/\">Read More<\/a><\/p>\n","protected":false},"author":1,"featured_media":2096,"comment_status":"open","ping_status":"closed","sticky":false,"template":"","format":"standard","meta":{"_eb_attr":"","footnotes":""},"categories":[130],"tags":[],"class_list":["post-3311","post","type-post","status-publish","format-standard","has-post-thumbnail","hentry","category-mejoras-del-campo"],"yoast_head":"<!-- This site is optimized with the Yoast SEO plugin v27.4 - https:\/\/yoast.com\/product\/yoast-seo-wordpress\/ -->\n<title>Club Golf d\u2019Aro personal novas incorporacions i agraiments al seu equip<\/title>\n<meta name=\"description\" content=\"Golf d&#039;Aro ha refor\u00e7at el seu personal amb noves incorporacions i estructura. Tot l&#039;equip segueix treballant dur.\" \/>\n<meta name=\"robots\" content=\"index, follow, max-snippet:-1, max-image-preview:large, max-video-preview:-1\" \/>\n<link rel=\"canonical\" href=\"https:\/\/www.golfdaro.com\/ca\/club-golf-daro-mas-nou-agraeix-al-seu-personal-pel-seu-treball\/\" \/>\n<meta property=\"og:locale\" content=\"ca_ES\" \/>\n<meta property=\"og:type\" content=\"article\" \/>\n<meta property=\"og:title\" content=\"Club Golf d\u2019Aro personal novas incorporacions i agraiments al seu equip\" \/>\n<meta property=\"og:description\" content=\"Golf d&#039;Aro ha refor\u00e7at el seu personal amb noves incorporacions i estructura. Tot l&#039;equip segueix treballant dur.\" \/>\n<meta property=\"og:url\" content=\"https:\/\/www.golfdaro.com\/ca\/club-golf-daro-mas-nou-agraeix-al-seu-personal-pel-seu-treball\/\" \/>\n<meta property=\"og:site_name\" content=\"Club Golf d&#039;Aro\" \/>\n<meta property=\"article:publisher\" content=\"https:\/\/www.facebook.com\/golfdaro\/\" \/>\n<meta property=\"article:published_time\" content=\"2020-10-29T10:18:29+00:00\" \/>\n<meta property=\"article:modified_time\" content=\"2022-06-10T11:02:11+00:00\" \/>\n<meta property=\"og:image\" content=\"https:\/\/www.golfdaro.com\/wp-content\/uploads\/2021\/02\/Golf-daro-Eq-Jardineria.jpg\" \/>\n\t<meta property=\"og:image:width\" content=\"640\" \/>\n\t<meta property=\"og:image:height\" content=\"427\" \/>\n\t<meta property=\"og:image:type\" content=\"image\/jpeg\" \/>\n<meta name=\"author\" content=\"admin@golfdaro.com\" \/>\n<meta name=\"twitter:card\" content=\"summary_large_image\" \/>\n<meta name=\"twitter:creator\" content=\"@soporte@lynkoo.com\" \/>\n<meta name=\"twitter:site\" content=\"@golfdaro\" \/>\n<meta name=\"twitter:label1\" content=\"Escrit per\" \/>\n\t<meta name=\"twitter:data1\" content=\"admin@golfdaro.com\" \/>\n\t<meta name=\"twitter:label2\" content=\"Temps estimat de lectura\" \/>\n\t<meta name=\"twitter:data2\" content=\"2 minuts\" \/>\n<script type=\"application\/ld+json\" class=\"yoast-schema-graph\">{\"@context\":\"https:\\\/\\\/schema.org\",\"@graph\":[{\"@type\":\"Article\",\"@id\":\"https:\\\/\\\/www.golfdaro.com\\\/ca\\\/club-golf-daro-mas-nou-agraeix-al-seu-personal-pel-seu-treball\\\/#article\",\"isPartOf\":{\"@id\":\"https:\\\/\\\/www.golfdaro.com\\\/ca\\\/club-golf-daro-mas-nou-agraeix-al-seu-personal-pel-seu-treball\\\/\"},\"author\":{\"name\":\"admin@golfdaro.com\",\"@id\":\"https:\\\/\\\/www.golfdaro.com\\\/ca\\\/#\\\/schema\\\/person\\\/9bfd4c4a1660701897e65e8f0979ae17\"},\"headline\":\"Personal de Golf d&#8217;Aro\",\"datePublished\":\"2020-10-29T10:18:29+00:00\",\"dateModified\":\"2022-06-10T11:02:11+00:00\",\"mainEntityOfPage\":{\"@id\":\"https:\\\/\\\/www.golfdaro.com\\\/ca\\\/club-golf-daro-mas-nou-agraeix-al-seu-personal-pel-seu-treball\\\/\"},\"wordCount\":376,\"commentCount\":0,\"publisher\":{\"@id\":\"https:\\\/\\\/www.golfdaro.com\\\/ca\\\/#organization\"},\"image\":{\"@id\":\"https:\\\/\\\/www.golfdaro.com\\\/ca\\\/club-golf-daro-mas-nou-agraeix-al-seu-personal-pel-seu-treball\\\/#primaryimage\"},\"thumbnailUrl\":\"https:\\\/\\\/www.golfdaro.com\\\/wp-content\\\/uploads\\\/2021\\\/02\\\/Golf-daro-Eq-Jardineria.jpg\",\"articleSection\":[\"Mejoras del campo\"],\"inLanguage\":\"ca\",\"potentialAction\":[{\"@type\":\"CommentAction\",\"name\":\"Comment\",\"target\":[\"https:\\\/\\\/www.golfdaro.com\\\/ca\\\/club-golf-daro-mas-nou-agraeix-al-seu-personal-pel-seu-treball\\\/#respond\"]}]},{\"@type\":\"WebPage\",\"@id\":\"https:\\\/\\\/www.golfdaro.com\\\/ca\\\/club-golf-daro-mas-nou-agraeix-al-seu-personal-pel-seu-treball\\\/\",\"url\":\"https:\\\/\\\/www.golfdaro.com\\\/ca\\\/club-golf-daro-mas-nou-agraeix-al-seu-personal-pel-seu-treball\\\/\",\"name\":\"Club Golf d\u2019Aro personal novas incorporacions i agraiments al seu equip\",\"isPartOf\":{\"@id\":\"https:\\\/\\\/www.golfdaro.com\\\/ca\\\/#website\"},\"primaryImageOfPage\":{\"@id\":\"https:\\\/\\\/www.golfdaro.com\\\/ca\\\/club-golf-daro-mas-nou-agraeix-al-seu-personal-pel-seu-treball\\\/#primaryimage\"},\"image\":{\"@id\":\"https:\\\/\\\/www.golfdaro.com\\\/ca\\\/club-golf-daro-mas-nou-agraeix-al-seu-personal-pel-seu-treball\\\/#primaryimage\"},\"thumbnailUrl\":\"https:\\\/\\\/www.golfdaro.com\\\/wp-content\\\/uploads\\\/2021\\\/02\\\/Golf-daro-Eq-Jardineria.jpg\",\"datePublished\":\"2020-10-29T10:18:29+00:00\",\"dateModified\":\"2022-06-10T11:02:11+00:00\",\"description\":\"Golf d'Aro ha refor\u00e7at el seu personal amb noves incorporacions i estructura. Tot l'equip segueix treballant dur.\",\"breadcrumb\":{\"@id\":\"https:\\\/\\\/www.golfdaro.com\\\/ca\\\/club-golf-daro-mas-nou-agraeix-al-seu-personal-pel-seu-treball\\\/#breadcrumb\"},\"inLanguage\":\"ca\",\"potentialAction\":[{\"@type\":\"ReadAction\",\"target\":[\"https:\\\/\\\/www.golfdaro.com\\\/ca\\\/club-golf-daro-mas-nou-agraeix-al-seu-personal-pel-seu-treball\\\/\"]}]},{\"@type\":\"ImageObject\",\"inLanguage\":\"ca\",\"@id\":\"https:\\\/\\\/www.golfdaro.com\\\/ca\\\/club-golf-daro-mas-nou-agraeix-al-seu-personal-pel-seu-treball\\\/#primaryimage\",\"url\":\"https:\\\/\\\/www.golfdaro.com\\\/wp-content\\\/uploads\\\/2021\\\/02\\\/Golf-daro-Eq-Jardineria.jpg\",\"contentUrl\":\"https:\\\/\\\/www.golfdaro.com\\\/wp-content\\\/uploads\\\/2021\\\/02\\\/Golf-daro-Eq-Jardineria.jpg\",\"width\":640,\"height\":427},{\"@type\":\"BreadcrumbList\",\"@id\":\"https:\\\/\\\/www.golfdaro.com\\\/ca\\\/club-golf-daro-mas-nou-agraeix-al-seu-personal-pel-seu-treball\\\/#breadcrumb\",\"itemListElement\":[{\"@type\":\"ListItem\",\"position\":1,\"name\":\"Portada\",\"item\":\"https:\\\/\\\/www.golfdaro.com\\\/ca\\\/\"},{\"@type\":\"ListItem\",\"position\":2,\"name\":\"Personal de Golf d&#8217;Aro\"}]},{\"@type\":\"WebSite\",\"@id\":\"https:\\\/\\\/www.golfdaro.com\\\/ca\\\/#website\",\"url\":\"https:\\\/\\\/www.golfdaro.com\\\/ca\\\/\",\"name\":\"Club Golf d&#039;Aro\",\"description\":\"Vistas Impresionantes. Sin interrupciones\",\"publisher\":{\"@id\":\"https:\\\/\\\/www.golfdaro.com\\\/ca\\\/#organization\"},\"potentialAction\":[{\"@type\":\"SearchAction\",\"target\":{\"@type\":\"EntryPoint\",\"urlTemplate\":\"https:\\\/\\\/www.golfdaro.com\\\/ca\\\/?s={search_term_string}\"},\"query-input\":{\"@type\":\"PropertyValueSpecification\",\"valueRequired\":true,\"valueName\":\"search_term_string\"}}],\"inLanguage\":\"ca\"},{\"@type\":\"Organization\",\"@id\":\"https:\\\/\\\/www.golfdaro.com\\\/ca\\\/#organization\",\"name\":\"Club Golf d'Aro - Mas Nou\",\"url\":\"https:\\\/\\\/www.golfdaro.com\\\/ca\\\/\",\"logo\":{\"@type\":\"ImageObject\",\"inLanguage\":\"ca\",\"@id\":\"https:\\\/\\\/www.golfdaro.com\\\/ca\\\/#\\\/schema\\\/logo\\\/image\\\/\",\"url\":\"https:\\\/\\\/www.golfdaro.com\\\/wp-content\\\/uploads\\\/2021\\\/01\\\/Logo-Golf-Aro-transparent.png\",\"contentUrl\":\"https:\\\/\\\/www.golfdaro.com\\\/wp-content\\\/uploads\\\/2021\\\/01\\\/Logo-Golf-Aro-transparent.png\",\"width\":100,\"height\":100,\"caption\":\"Club Golf d'Aro - Mas Nou\"},\"image\":{\"@id\":\"https:\\\/\\\/www.golfdaro.com\\\/ca\\\/#\\\/schema\\\/logo\\\/image\\\/\"},\"sameAs\":[\"https:\\\/\\\/www.facebook.com\\\/golfdaro\\\/\",\"https:\\\/\\\/x.com\\\/golfdaro\",\"https:\\\/\\\/www.instagram.com\\\/golfdaro\\\/\",\"https:\\\/\\\/www.youtube.com\\\/channel\\\/UC728WxtMLhPa1qUCnMemzLQ\"]},{\"@type\":\"Person\",\"@id\":\"https:\\\/\\\/www.golfdaro.com\\\/ca\\\/#\\\/schema\\\/person\\\/9bfd4c4a1660701897e65e8f0979ae17\",\"name\":\"admin@golfdaro.com\",\"image\":{\"@type\":\"ImageObject\",\"inLanguage\":\"ca\",\"@id\":\"https:\\\/\\\/secure.gravatar.com\\\/avatar\\\/396335ee79a2f113d3a8191c2bab483196e12f3204dc5e79afcd8cc58c5ceb76?s=96&d=mm&r=g\",\"url\":\"https:\\\/\\\/secure.gravatar.com\\\/avatar\\\/396335ee79a2f113d3a8191c2bab483196e12f3204dc5e79afcd8cc58c5ceb76?s=96&d=mm&r=g\",\"contentUrl\":\"https:\\\/\\\/secure.gravatar.com\\\/avatar\\\/396335ee79a2f113d3a8191c2bab483196e12f3204dc5e79afcd8cc58c5ceb76?s=96&d=mm&r=g\",\"caption\":\"admin@golfdaro.com\"},\"sameAs\":[\"https:\\\/\\\/www.golfdaro.com\",\"https:\\\/\\\/x.com\\\/soporte@lynkoo.com\"]}]}<\/script>\n<!-- \/ Yoast SEO plugin. -->","yoast_head_json":{"title":"Club Golf d\u2019Aro personal novas incorporacions i agraiments al seu equip","description":"Golf d'Aro ha refor\u00e7at el seu personal amb noves incorporacions i estructura. Tot l'equip segueix treballant dur.","robots":{"index":"index","follow":"follow","max-snippet":"max-snippet:-1","max-image-preview":"max-image-preview:large","max-video-preview":"max-video-preview:-1"},"canonical":"https:\/\/www.golfdaro.com\/ca\/club-golf-daro-mas-nou-agraeix-al-seu-personal-pel-seu-treball\/","og_locale":"ca_ES","og_type":"article","og_title":"Club Golf d\u2019Aro personal novas incorporacions i agraiments al seu equip","og_description":"Golf d'Aro ha refor\u00e7at el seu personal amb noves incorporacions i estructura. Tot l'equip segueix treballant dur.","og_url":"https:\/\/www.golfdaro.com\/ca\/club-golf-daro-mas-nou-agraeix-al-seu-personal-pel-seu-treball\/","og_site_name":"Club Golf d&#039;Aro","article_publisher":"https:\/\/www.facebook.com\/golfdaro\/","article_published_time":"2020-10-29T10:18:29+00:00","article_modified_time":"2022-06-10T11:02:11+00:00","og_image":[{"width":640,"height":427,"url":"https:\/\/www.golfdaro.com\/wp-content\/uploads\/2021\/02\/Golf-daro-Eq-Jardineria.jpg","type":"image\/jpeg"}],"author":"admin@golfdaro.com","twitter_card":"summary_large_image","twitter_creator":"@soporte@lynkoo.com","twitter_site":"@golfdaro","twitter_misc":{"Escrit per":"admin@golfdaro.com","Temps estimat de lectura":"2 minuts"},"schema":{"@context":"https:\/\/schema.org","@graph":[{"@type":"Article","@id":"https:\/\/www.golfdaro.com\/ca\/club-golf-daro-mas-nou-agraeix-al-seu-personal-pel-seu-treball\/#article","isPartOf":{"@id":"https:\/\/www.golfdaro.com\/ca\/club-golf-daro-mas-nou-agraeix-al-seu-personal-pel-seu-treball\/"},"author":{"name":"admin@golfdaro.com","@id":"https:\/\/www.golfdaro.com\/ca\/#\/schema\/person\/9bfd4c4a1660701897e65e8f0979ae17"},"headline":"Personal de Golf d&#8217;Aro","datePublished":"2020-10-29T10:18:29+00:00","dateModified":"2022-06-10T11:02:11+00:00","mainEntityOfPage":{"@id":"https:\/\/www.golfdaro.com\/ca\/club-golf-daro-mas-nou-agraeix-al-seu-personal-pel-seu-treball\/"},"wordCount":376,"commentCount":0,"publisher":{"@id":"https:\/\/www.golfdaro.com\/ca\/#organization"},"image":{"@id":"https:\/\/www.golfdaro.com\/ca\/club-golf-daro-mas-nou-agraeix-al-seu-personal-pel-seu-treball\/#primaryimage"},"thumbnailUrl":"https:\/\/www.golfdaro.com\/wp-content\/uploads\/2021\/02\/Golf-daro-Eq-Jardineria.jpg","articleSection":["Mejoras del campo"],"inLanguage":"ca","potentialAction":[{"@type":"CommentAction","name":"Comment","target":["https:\/\/www.golfdaro.com\/ca\/club-golf-daro-mas-nou-agraeix-al-seu-personal-pel-seu-treball\/#respond"]}]},{"@type":"WebPage","@id":"https:\/\/www.golfdaro.com\/ca\/club-golf-daro-mas-nou-agraeix-al-seu-personal-pel-seu-treball\/","url":"https:\/\/www.golfdaro.com\/ca\/club-golf-daro-mas-nou-agraeix-al-seu-personal-pel-seu-treball\/","name":"Club Golf d\u2019Aro personal novas incorporacions i agraiments al seu equip","isPartOf":{"@id":"https:\/\/www.golfdaro.com\/ca\/#website"},"primaryImageOfPage":{"@id":"https:\/\/www.golfdaro.com\/ca\/club-golf-daro-mas-nou-agraeix-al-seu-personal-pel-seu-treball\/#primaryimage"},"image":{"@id":"https:\/\/www.golfdaro.com\/ca\/club-golf-daro-mas-nou-agraeix-al-seu-personal-pel-seu-treball\/#primaryimage"},"thumbnailUrl":"https:\/\/www.golfdaro.com\/wp-content\/uploads\/2021\/02\/Golf-daro-Eq-Jardineria.jpg","datePublished":"2020-10-29T10:18:29+00:00","dateModified":"2022-06-10T11:02:11+00:00","description":"Golf d'Aro ha refor\u00e7at el seu personal amb noves incorporacions i estructura. Tot l'equip segueix treballant dur.","breadcrumb":{"@id":"https:\/\/www.golfdaro.com\/ca\/club-golf-daro-mas-nou-agraeix-al-seu-personal-pel-seu-treball\/#breadcrumb"},"inLanguage":"ca","potentialAction":[{"@type":"ReadAction","target":["https:\/\/www.golfdaro.com\/ca\/club-golf-daro-mas-nou-agraeix-al-seu-personal-pel-seu-treball\/"]}]},{"@type":"ImageObject","inLanguage":"ca","@id":"https:\/\/www.golfdaro.com\/ca\/club-golf-daro-mas-nou-agraeix-al-seu-personal-pel-seu-treball\/#primaryimage","url":"https:\/\/www.golfdaro.com\/wp-content\/uploads\/2021\/02\/Golf-daro-Eq-Jardineria.jpg","contentUrl":"https:\/\/www.golfdaro.com\/wp-content\/uploads\/2021\/02\/Golf-daro-Eq-Jardineria.jpg","width":640,"height":427},{"@type":"BreadcrumbList","@id":"https:\/\/www.golfdaro.com\/ca\/club-golf-daro-mas-nou-agraeix-al-seu-personal-pel-seu-treball\/#breadcrumb","itemListElement":[{"@type":"ListItem","position":1,"name":"Portada","item":"https:\/\/www.golfdaro.com\/ca\/"},{"@type":"ListItem","position":2,"name":"Personal de Golf d&#8217;Aro"}]},{"@type":"WebSite","@id":"https:\/\/www.golfdaro.com\/ca\/#website","url":"https:\/\/www.golfdaro.com\/ca\/","name":"Club Golf d&#039;Aro","description":"Vistas Impresionantes. Sin interrupciones","publisher":{"@id":"https:\/\/www.golfdaro.com\/ca\/#organization"},"potentialAction":[{"@type":"SearchAction","target":{"@type":"EntryPoint","urlTemplate":"https:\/\/www.golfdaro.com\/ca\/?s={search_term_string}"},"query-input":{"@type":"PropertyValueSpecification","valueRequired":true,"valueName":"search_term_string"}}],"inLanguage":"ca"},{"@type":"Organization","@id":"https:\/\/www.golfdaro.com\/ca\/#organization","name":"Club Golf d'Aro - Mas Nou","url":"https:\/\/www.golfdaro.com\/ca\/","logo":{"@type":"ImageObject","inLanguage":"ca","@id":"https:\/\/www.golfdaro.com\/ca\/#\/schema\/logo\/image\/","url":"https:\/\/www.golfdaro.com\/wp-content\/uploads\/2021\/01\/Logo-Golf-Aro-transparent.png","contentUrl":"https:\/\/www.golfdaro.com\/wp-content\/uploads\/2021\/01\/Logo-Golf-Aro-transparent.png","width":100,"height":100,"caption":"Club Golf d'Aro - Mas Nou"},"image":{"@id":"https:\/\/www.golfdaro.com\/ca\/#\/schema\/logo\/image\/"},"sameAs":["https:\/\/www.facebook.com\/golfdaro\/","https:\/\/x.com\/golfdaro","https:\/\/www.instagram.com\/golfdaro\/","https:\/\/www.youtube.com\/channel\/UC728WxtMLhPa1qUCnMemzLQ"]},{"@type":"Person","@id":"https:\/\/www.golfdaro.com\/ca\/#\/schema\/person\/9bfd4c4a1660701897e65e8f0979ae17","name":"admin@golfdaro.com","image":{"@type":"ImageObject","inLanguage":"ca","@id":"https:\/\/secure.gravatar.com\/avatar\/396335ee79a2f113d3a8191c2bab483196e12f3204dc5e79afcd8cc58c5ceb76?s=96&d=mm&r=g","url":"https:\/\/secure.gravatar.com\/avatar\/396335ee79a2f113d3a8191c2bab483196e12f3204dc5e79afcd8cc58c5ceb76?s=96&d=mm&r=g","contentUrl":"https:\/\/secure.gravatar.com\/avatar\/396335ee79a2f113d3a8191c2bab483196e12f3204dc5e79afcd8cc58c5ceb76?s=96&d=mm&r=g","caption":"admin@golfdaro.com"},"sameAs":["https:\/\/www.golfdaro.com","https:\/\/x.com\/soporte@lynkoo.com"]}]}},"_links":{"self":[{"href":"https:\/\/www.golfdaro.com\/ca\/wp-json\/wp\/v2\/posts\/3311","targetHints":{"allow":["GET"]}}],"collection":[{"href":"https:\/\/www.golfdaro.com\/ca\/wp-json\/wp\/v2\/posts"}],"about":[{"href":"https:\/\/www.golfdaro.com\/ca\/wp-json\/wp\/v2\/types\/post"}],"author":[{"embeddable":true,"href":"https:\/\/www.golfdaro.com\/ca\/wp-json\/wp\/v2\/users\/1"}],"replies":[{"embeddable":true,"href":"https:\/\/www.golfdaro.com\/ca\/wp-json\/wp\/v2\/comments?post=3311"}],"version-history":[{"count":0,"href":"https:\/\/www.golfdaro.com\/ca\/wp-json\/wp\/v2\/posts\/3311\/revisions"}],"wp:featuredmedia":[{"embeddable":true,"href":"https:\/\/www.golfdaro.com\/ca\/wp-json\/wp\/v2\/media\/2096"}],"wp:attachment":[{"href":"https:\/\/www.golfdaro.com\/ca\/wp-json\/wp\/v2\/media?parent=3311"}],"wp:term":[{"taxonomy":"category","embeddable":true,"href":"https:\/\/www.golfdaro.com\/ca\/wp-json\/wp\/v2\/categories?post=3311"},{"taxonomy":"post_tag","embeddable":true,"href":"https:\/\/www.golfdaro.com\/ca\/wp-json\/wp\/v2\/tags?post=3311"}],"curies":[{"name":"wp","href":"https:\/\/api.w.org\/{rel}","templated":true}]}}