{"id":3225,"date":"2020-10-04T10:11:39","date_gmt":"2020-10-04T08:11:39","guid":{"rendered":"https:\/\/www.golfdaro.com\/jornada-de-puertas-abiertas-enfocada-en-el-sector-hotelero-del-baix-emporda\/"},"modified":"2022-07-24T11:46:08","modified_gmt":"2022-07-24T09:46:08","slug":"jornada-de-puertas-abiertas-enfocada-en-el-sector-hotelero-del-baix-emporda","status":"publish","type":"post","link":"https:\/\/www.golfdaro.com\/ca\/jornada-de-puertas-abiertas-enfocada-en-el-sector-hotelero-del-baix-emporda\/","title":{"rendered":"Portes obertes"},"content":{"rendered":"<h3>Jornada de portes obertes enfocada en el sector hoteler del Baix Empord\u00e0<\/h3>\n<p><strong>Club Golf d\u2019Aro \u2013 Celebrada la jornada de portes obertes enfocada al sector hoteler del Baix Empord\u00e0<\/strong><\/p>\n<p>El passat 1 d&#8217;Octubre vam organitzar una jornada de portes obertes enfocada en el sector hostaler i de serveis de la nostre \u00e0rea m\u00e9s pr\u00f2xima de la Costa Brava, concretament del Baix Empord\u00e0.<\/p>\n<p>A la invitaci\u00f3 van assistir una dotzena de directius i membres del staff d&#8217;alguns dels establiments m\u00e9s importants al voltant de Platja d\u2019Aro, vinguts des de Sant Feliu de Gu\u00edxols, Calella de Palafrugell i Palam\u00f3s, en representaci\u00f3 de l&#8217;<strong>Hotel Barcarola<\/strong>, <strong>Elke Spa Hotel<\/strong>, l&#8217;<strong>Hotel Mediterrani<\/strong>, la <strong>Finca Bell-lloc<\/strong> amb el celler Brugarol, i l&#8217;<strong>Hotel i Restaurant Vostra Llar<\/strong>. Donada la complicada situaci\u00f3 provocada per la pand\u00e8mia, altres establiments convocats no van poder assistir.<\/p>\n<p><img fetchpriority=\"high\" decoding=\"async\" src=\"https:\/\/www.golfdaro.com\/wp-content\/uploads\/2021\/02\/Jornada-portes-obertes-Hotels-4.jpg\" sizes=\"(max-width: 800px) 100vw, 800px\" srcset=\"https:\/\/www.golfdaro.com\/wp-content\/uploads\/2021\/02\/Jornada-portes-obertes-Hotels-4.jpg 800w, https:\/\/www.golfdaro.com\/wp-content\/uploads\/2021\/02\/Jornada-portes-obertes-Hotels-4-300x200.jpg 300w, https:\/\/www.golfdaro.com\/wp-content\/uploads\/2021\/02\/Jornada-portes-obertes-Hotels-4-768x512.jpg 768w, https:\/\/www.golfdaro.com\/wp-content\/uploads\/2021\/02\/Jornada-portes-obertes-Hotels-4.jpg 105w, https:\/\/www.golfdaro.com\/wp-content\/uploads\/2021\/02\/Jornada-portes-obertes-Hotels-4-120x80.jpg 120w, https:\/\/www.golfdaro.com\/wp-content\/uploads\/2021\/02\/Jornada-portes-obertes-Hotels-4-394x263.jpg 394w, https:\/\/www.golfdaro.com\/wp-content\/uploads\/2021\/02\/Jornada-portes-obertes-Hotels-4.jpg 600w\" alt=\"\" width=\"800\" height=\"533\" \/><\/p>\n<p>A primera hora del mat\u00ed el grup es va reunir en el p\u00e0rquing del Club, des d&#8217;on es va iniciar la visita a les instal\u00b7lacions d&#8217;aquest magn\u00edfic camp, enclavat al Parc Natural dels Gavarres i amb unes vistes impresionantesa 300 metres d&#8217;altura de les platges del Mediterrani.<\/p>\n<p>Passant per la Casa Club, el restaurant, el Proshop i el Driving range, a continuaci\u00f3 el grup va gaudir d&#8217;un cl\u00ednic d&#8217;iniciaci\u00f3 al golf en el camp de pr\u00e0ctiques amb els professors de la <strong>Golf Academy d\u2019Aro<\/strong>. Despr\u00e9s de donar els primers colps l&#8217;experi\u00e8ncia va seguir en el putting green, on es va celebrar un divertit concurs de putt. La jornada va concloure en el <strong>Restaurant Forat 19<\/strong>, que va oferir un piscolabis a tots els participants.<\/p>\n<p><img decoding=\"async\" src=\"https:\/\/www.golfdaro.com\/wp-content\/uploads\/2021\/02\/Jornada-portes-obertes-Hotels-6.jpg\" sizes=\"(max-width: 800px) 100vw, 800px\" srcset=\"https:\/\/www.golfdaro.com\/wp-content\/uploads\/2021\/02\/Jornada-portes-obertes-Hotels-6.jpg 800w, https:\/\/www.golfdaro.com\/wp-content\/uploads\/2021\/02\/Jornada-portes-obertes-Hotels-6-300x200.jpg 300w, https:\/\/www.golfdaro.com\/wp-content\/uploads\/2021\/02\/Jornada-portes-obertes-Hotels-6-768x512.jpg 768w, https:\/\/www.golfdaro.com\/wp-content\/uploads\/2021\/02\/Jornada-portes-obertes-Hotels-6.jpg 105w, https:\/\/www.golfdaro.com\/wp-content\/uploads\/2021\/02\/Jornada-portes-obertes-Hotels-6-120x80.jpg 120w, https:\/\/www.golfdaro.com\/wp-content\/uploads\/2021\/02\/Jornada-portes-obertes-Hotels-6-394x263.jpg 394w, https:\/\/www.golfdaro.com\/wp-content\/uploads\/2021\/02\/Jornada-portes-obertes-Hotels-6.jpg 600w\" alt=\"\" width=\"800\" height=\"533\" \/><\/p>\n<p style=\"font-weight: 400;\"><i style=\"color: inherit; font-family: inherit; font-size: inherit; font-weight: inherit;\"><em>\u201cAmb aquesta jornada volem presentar-nos a aquests restauradors i hotelers, donar-los a con\u00e9ixer on ens trobem i acostar-los les instal\u00b7lacions i els serveis que oferim en el club\u201d, comenta <b>Roc\u00edo Aranda<\/b>, gerent del Club Golf d\u2019Aro. \u201cD&#8217;aquesta manera ens podran tindre presents a l&#8217;hora de confeccionar els seus paquets tur\u00edstics. Aix\u00ed, a m\u00e9s d&#8217;oferir la platja o els museus de la zona, poden incloure com a activitats esportives el golf i el pitch &amp; putt de Golf d\u2019Aro\u201d.<\/em><\/i><\/p>\n<p><img decoding=\"async\" src=\"https:\/\/www.golfdaro.com\/wp-content\/uploads\/2021\/02\/Jornada-portes-obertes-Hotels-8.jpg\" sizes=\"(max-width: 800px) 100vw, 800px\" srcset=\"https:\/\/www.golfdaro.com\/wp-content\/uploads\/2021\/02\/Jornada-portes-obertes-Hotels-8.jpg 800w, https:\/\/www.golfdaro.com\/wp-content\/uploads\/2021\/02\/Jornada-portes-obertes-Hotels-8-300x200.jpg 300w, https:\/\/www.golfdaro.com\/wp-content\/uploads\/2021\/02\/Jornada-portes-obertes-Hotels-8-768x512.jpg 768w, https:\/\/www.golfdaro.com\/wp-content\/uploads\/2021\/02\/Jornada-portes-obertes-Hotels-8.jpg 105w, https:\/\/www.golfdaro.com\/wp-content\/uploads\/2021\/02\/Jornada-portes-obertes-Hotels-8-120x80.jpg 120w, https:\/\/www.golfdaro.com\/wp-content\/uploads\/2021\/02\/Jornada-portes-obertes-Hotels-8-394x263.jpg 394w, https:\/\/www.golfdaro.com\/wp-content\/uploads\/2021\/02\/Jornada-portes-obertes-Hotels-8.jpg 600w\" alt=\"\" width=\"800\" height=\"533\" \/><\/p>\n<p style=\"font-size: 15px; font-family: 'Open Sans'; font-weight: 400; color: #10113b; font-style: normal;\">La proposta suggereix que els que vinguen de vacances al Baix Empord\u00e0, siguen locals, nacionals o europeus, i ja saben jugar poden reservar ac\u00ed les seues rondes de golf; per\u00f2 tamb\u00e9 els qui desitgen aprendre poden realitzar ac\u00ed el seu baptisme de golf. Els establiments poden oferir diferents paquets als seus clients, tant d&#8217;allotjament amb greenfee incl\u00f2s, com d&#8217;allotjament i iniciaci\u00f3 al golf.<\/p>\n<p><img loading=\"lazy\" decoding=\"async\" src=\"https:\/\/www.golfdaro.com\/wp-content\/uploads\/2021\/02\/Jornada-portes-obertes-Hotels-3.jpg\" sizes=\"(max-width: 800px) 100vw, 800px\" srcset=\"https:\/\/www.golfdaro.com\/wp-content\/uploads\/2021\/02\/Jornada-portes-obertes-Hotels-3.jpg 800w, https:\/\/www.golfdaro.com\/wp-content\/uploads\/2021\/02\/Jornada-portes-obertes-Hotels-3-300x200.jpg 300w, https:\/\/www.golfdaro.com\/wp-content\/uploads\/2021\/02\/Jornada-portes-obertes-Hotels-3-768x512.jpg 768w, https:\/\/www.golfdaro.com\/wp-content\/uploads\/2021\/02\/Jornada-portes-obertes-Hotels-3.jpg 105w, https:\/\/www.golfdaro.com\/wp-content\/uploads\/2021\/02\/Jornada-portes-obertes-Hotels-3-120x80.jpg 120w, https:\/\/www.golfdaro.com\/wp-content\/uploads\/2021\/02\/Jornada-portes-obertes-Hotels-3-394x263.jpg 394w, https:\/\/www.golfdaro.com\/wp-content\/uploads\/2021\/02\/Jornada-portes-obertes-Hotels-3.jpg 600w\" alt=\"\" width=\"800\" height=\"533\" \/><\/p>\n<p>Els establiments assistents s&#8217;ha emportat una grata impressi\u00f3 de el <strong>Club Golf d\u2019Aro<\/strong>. En aquesta \u00e8poca de nova normalitat es mostren molt oberts i amb bones idees, no sols per a oferir el producte del seu hotel i el seu restaurant, sin\u00f3 tamb\u00e9 creant altres productes en la seva oferta combinant-lo amb activitats en la <strong>Costa Brava<\/strong>, com poden ser visites als cellers de l&#8217;Empord\u00e0 o jugar al golf en el <strong>Club Golf d\u2019Aro. <\/strong><\/p>\n<p style=\"font-size: 15px; font-family: 'Open Sans'; font-weight: 400; color: #10113b; font-style: normal; text-align: start;\">Por MyGolfWay.com<\/p>\n<p style=\"font-size: 15px; font-family: 'Open Sans'; font-weight: 400; color: #10113b; font-style: normal; text-align: start;\">Miguel \u00c0ngel Buil<\/p>\n<h6>LOCALIZACION<\/h6>\n<ul>\n<li>Urbanitzaci\u00f3 Mas Nou, s\/n Platja d\u2019Aro \/ Santa Cristina d\u2019Aro Costa Brava, Girona, Spain<\/li>\n<li><a href=\"tel:0034972816727\"><br \/>\n+34 972 816 727<br \/>\n<\/a><\/li>\n<li><a href=\"tel:0034627548812\"><br \/>\n+34 627 548 812<br \/>\n<\/a><\/li>\n<li><a href=\"mailto:info@golfdaro.com\"><br \/>\ninfo@golfdaro.com<br \/>\n<\/a><\/li>\n<li>Horario: 08:00h \u2013 18:00h<\/li>\n<\/ul>\n<h6>S\u00cdGUENOS<\/h6>\n<p><a target=\"_blank\" rel=\"noopener noreferrer\"><br \/>\nFacebook<br \/>\n<\/a><br \/>\n<a target=\"_blank\" rel=\"noopener noreferrer\"><br \/>\nTwitter<br \/>\n<\/a><br \/>\n<a target=\"_blank\" rel=\"noopener noreferrer\"><br \/>\nYoutube<br \/>\n<\/a><br \/>\n<a href=\"https:\/\/www.instagram.com\/golfdaro\" target=\"_blank\" rel=\"noopener noreferrer\"><br \/>\nInstagram<br \/>\n<\/a><\/p>\n<h6>SUBSCR\u00cdBETE<\/h6>\n<p><img loading=\"lazy\" decoding=\"async\" src=\"https:\/\/www.golfdaro.com\/wp-content\/uploads\/2021\/02\/alze.png\" sizes=\"(max-width: 700px) 100vw, 700px\" srcset=\"https:\/\/www.golfdaro.com\/wp-content\/uploads\/2021\/02\/alze.png 700w, https:\/\/www.golfdaro.com\/wp-content\/uploads\/2021\/02\/alze-300x150.png 300w, https:\/\/www.golfdaro.com\/wp-content\/uploads\/2021\/02\/alze.png 164w, https:\/\/www.golfdaro.com\/wp-content\/uploads\/2021\/02\/alze-160x80.png 160w, https:\/\/www.golfdaro.com\/wp-content\/uploads\/2021\/02\/alze-394x197.png 394w, https:\/\/www.golfdaro.com\/wp-content\/uploads\/2021\/02\/alze.png 600w\" alt=\"\" width=\"700\" height=\"350\" \/><br \/>\n<img loading=\"lazy\" decoding=\"async\" src=\"https:\/\/www.golfdaro.com\/wp-content\/uploads\/2021\/02\/diputacio-girona-1.png\" sizes=\"(max-width: 700px) 100vw, 700px\" srcset=\"https:\/\/www.golfdaro.com\/wp-content\/uploads\/2021\/02\/diputacio-girona-1.png 700w, https:\/\/www.golfdaro.com\/wp-content\/uploads\/2021\/02\/diputacio-girona-1-300x150.png 300w, https:\/\/www.golfdaro.com\/wp-content\/uploads\/2021\/02\/diputacio-girona-1.png 164w, https:\/\/www.golfdaro.com\/wp-content\/uploads\/2021\/02\/diputacio-girona-1-160x80.png 160w, https:\/\/www.golfdaro.com\/wp-content\/uploads\/2021\/02\/diputacio-girona-1-394x197.png 394w, https:\/\/www.golfdaro.com\/wp-content\/uploads\/2021\/02\/diputacio-girona-1.png 600w\" alt=\"\" width=\"700\" height=\"350\" \/><br \/>\n<img loading=\"lazy\" decoding=\"async\" src=\"https:\/\/www.golfdaro.com\/wp-content\/uploads\/2021\/02\/Catalunya-logo.png\" sizes=\"(max-width: 700px) 100vw, 700px\" srcset=\"https:\/\/www.golfdaro.com\/wp-content\/uploads\/2021\/02\/Catalunya-logo.png 700w, https:\/\/www.golfdaro.com\/wp-content\/uploads\/2021\/02\/Catalunya-logo-300x150.png 300w, https:\/\/www.golfdaro.com\/wp-content\/uploads\/2021\/02\/Catalunya-logo.png 164w, https:\/\/www.golfdaro.com\/wp-content\/uploads\/2021\/02\/Catalunya-logo-160x80.png 160w, https:\/\/www.golfdaro.com\/wp-content\/uploads\/2021\/02\/Catalunya-logo-394x197.png 394w, https:\/\/www.golfdaro.com\/wp-content\/uploads\/2021\/02\/Catalunya-logo.png 600w\" alt=\"\" width=\"700\" height=\"350\" \/><br \/>\n<img loading=\"lazy\" decoding=\"async\" src=\"https:\/\/www.golfdaro.com\/wp-content\/uploads\/2021\/02\/Costa-barava-pirineu-logo.png\" sizes=\"(max-width: 700px) 100vw, 700px\" srcset=\"https:\/\/www.golfdaro.com\/wp-content\/uploads\/2021\/02\/Costa-barava-pirineu-logo.png 700w, https:\/\/www.golfdaro.com\/wp-content\/uploads\/2021\/02\/Costa-barava-pirineu-logo-300x150.png 300w, https:\/\/www.golfdaro.com\/wp-content\/uploads\/2021\/02\/Costa-barava-pirineu-logo.png 164w, https:\/\/www.golfdaro.com\/wp-content\/uploads\/2021\/02\/Costa-barava-pirineu-logo-160x80.png 160w, https:\/\/www.golfdaro.com\/wp-content\/uploads\/2021\/02\/Costa-barava-pirineu-logo-394x197.png 394w, https:\/\/www.golfdaro.com\/wp-content\/uploads\/2021\/02\/Costa-barava-pirineu-logo.png 600w\" alt=\"\" width=\"700\" height=\"350\" \/><br \/>\n<img loading=\"lazy\" decoding=\"async\" src=\"https:\/\/www.golfdaro.com\/wp-content\/uploads\/2021\/02\/Girona-Turisme-1-1.png\" sizes=\"(max-width: 700px) 100vw, 700px\" srcset=\"https:\/\/www.golfdaro.com\/wp-content\/uploads\/2021\/02\/Girona-Turisme-1-1.png 700w, https:\/\/www.golfdaro.com\/wp-content\/uploads\/2021\/02\/Girona-Turisme-1-1-300x150.png 300w, https:\/\/www.golfdaro.com\/wp-content\/uploads\/2021\/02\/Girona-Turisme-1-1.png 164w, https:\/\/www.golfdaro.com\/wp-content\/uploads\/2021\/02\/Girona-Turisme-1-1-160x80.png 160w, https:\/\/www.golfdaro.com\/wp-content\/uploads\/2021\/02\/Girona-Turisme-1-1-394x197.png 394w, https:\/\/www.golfdaro.com\/wp-content\/uploads\/2021\/02\/Girona-Turisme-1-1.png 600w\" alt=\"\" width=\"700\" height=\"350\" \/><br \/>\n<img loading=\"lazy\" decoding=\"async\" src=\"https:\/\/www.golfdaro.com\/wp-content\/uploads\/2021\/02\/IAGTO.png\" sizes=\"(max-width: 700px) 100vw, 700px\" srcset=\"https:\/\/www.golfdaro.com\/wp-content\/uploads\/2021\/02\/IAGTO.png 700w, https:\/\/www.golfdaro.com\/wp-content\/uploads\/2021\/02\/IAGTO-300x150.png 300w, https:\/\/www.golfdaro.com\/wp-content\/uploads\/2021\/02\/IAGTO.png 164w, https:\/\/www.golfdaro.com\/wp-content\/uploads\/2021\/02\/IAGTO-160x80.png 160w, https:\/\/www.golfdaro.com\/wp-content\/uploads\/2021\/02\/IAGTO-394x197.png 394w, https:\/\/www.golfdaro.com\/wp-content\/uploads\/2021\/02\/IAGTO.png 600w\" alt=\"\" width=\"700\" height=\"350\" \/><br \/>\n2020 @ Club Golf d&#8217;Aro | Design by <a href=\"https:\/\/tecnopro.cat\" target=\"_blank\" rel=\"noopener noreferrer\">TecnoPro<\/a> (<a href=\"https:\/\/joutm.cat\" target=\"_blank\" rel=\"noopener noreferrer\">J<\/a><a href=\"https:\/\/plankton.joutm.cat\" target=\"_blank\" rel=\"noopener noreferrer\">o<\/a><a href=\"https:\/\/salta.cat\" target=\"_blank\" rel=\"noopener noreferrer\">U<\/a> <a href=\"https:\/\/tecnopro.cat\" target=\"_blank\" rel=\"noopener noreferrer\">T<\/a>&#8211;<a href=\"https:\/\/discrauxa.cat\" target=\"_blank\" rel=\"noopener noreferrer\">M<\/a>)<\/p>\n<p style=\"text-align: right;\">Pol\u00edtica de cookies | Av\u00eds legal | Pol\u00edtica de privacitat<\/p>\n","protected":false},"excerpt":{"rendered":"<p>Octubre 2020 &#8211; Jornada de portes obertes per al sector hoteler i de serveis del Baix Empord\u00e0 &hellip; <a href=\"https:\/\/www.golfdaro.com\/ca\/jornada-de-puertas-abiertas-enfocada-en-el-sector-hotelero-del-baix-emporda\/\">Read More<\/a><\/p>\n","protected":false},"author":1,"featured_media":2006,"comment_status":"open","ping_status":"closed","sticky":false,"template":"","format":"standard","meta":{"_eb_attr":"","footnotes":""},"categories":[165],"tags":[],"class_list":["post-3225","post","type-post","status-publish","format-standard","has-post-thumbnail","hentry","category-activitats-club"],"yoast_head":"<!-- This site is optimized with the Yoast SEO plugin v27.4 - https:\/\/yoast.com\/product\/yoast-seo-wordpress\/ -->\n<title>Portes obertes - Club Golf d&#039;Aro<\/title>\n<meta name=\"robots\" content=\"index, follow, max-snippet:-1, max-image-preview:large, max-video-preview:-1\" \/>\n<link rel=\"canonical\" href=\"https:\/\/www.golfdaro.com\/ca\/jornada-de-puertas-abiertas-enfocada-en-el-sector-hotelero-del-baix-emporda\/\" \/>\n<meta property=\"og:locale\" content=\"ca_ES\" \/>\n<meta property=\"og:type\" content=\"article\" \/>\n<meta property=\"og:title\" content=\"Portes obertes - Club Golf d&#039;Aro\" \/>\n<meta property=\"og:description\" content=\"Octubre 2020 - Jornada de portes obertes per al sector hoteler i de serveis del Baix Empord\u00e0 &hellip; Read More\" \/>\n<meta property=\"og:url\" content=\"https:\/\/www.golfdaro.com\/ca\/jornada-de-puertas-abiertas-enfocada-en-el-sector-hotelero-del-baix-emporda\/\" \/>\n<meta property=\"og:site_name\" content=\"Club Golf d&#039;Aro\" \/>\n<meta property=\"article:publisher\" content=\"https:\/\/www.facebook.com\/golfdaro\/\" \/>\n<meta property=\"article:published_time\" content=\"2020-10-04T08:11:39+00:00\" \/>\n<meta property=\"article:modified_time\" content=\"2022-07-24T09:46:08+00:00\" \/>\n<meta property=\"og:image\" content=\"https:\/\/www.golfdaro.com\/wp-content\/uploads\/2021\/02\/Jornada-portes-obertes-Hotels-4.jpg\" \/>\n\t<meta property=\"og:image:width\" content=\"800\" \/>\n\t<meta property=\"og:image:height\" content=\"533\" \/>\n\t<meta property=\"og:image:type\" content=\"image\/jpeg\" \/>\n<meta name=\"author\" content=\"admin@golfdaro.com\" \/>\n<meta name=\"twitter:card\" content=\"summary_large_image\" \/>\n<meta name=\"twitter:creator\" content=\"@soporte@lynkoo.com\" \/>\n<meta name=\"twitter:site\" content=\"@golfdaro\" \/>\n<meta name=\"twitter:label1\" content=\"Escrit per\" \/>\n\t<meta name=\"twitter:data1\" content=\"admin@golfdaro.com\" \/>\n\t<meta name=\"twitter:label2\" content=\"Temps estimat de lectura\" \/>\n\t<meta name=\"twitter:data2\" content=\"6 minuts\" \/>\n<script type=\"application\/ld+json\" class=\"yoast-schema-graph\">{\"@context\":\"https:\\\/\\\/schema.org\",\"@graph\":[{\"@type\":\"Article\",\"@id\":\"https:\\\/\\\/www.golfdaro.com\\\/ca\\\/jornada-de-puertas-abiertas-enfocada-en-el-sector-hotelero-del-baix-emporda\\\/#article\",\"isPartOf\":{\"@id\":\"https:\\\/\\\/www.golfdaro.com\\\/ca\\\/jornada-de-puertas-abiertas-enfocada-en-el-sector-hotelero-del-baix-emporda\\\/\"},\"author\":{\"name\":\"admin@golfdaro.com\",\"@id\":\"https:\\\/\\\/www.golfdaro.com\\\/ca\\\/#\\\/schema\\\/person\\\/9bfd4c4a1660701897e65e8f0979ae17\"},\"headline\":\"Portes obertes\",\"datePublished\":\"2020-10-04T08:11:39+00:00\",\"dateModified\":\"2022-07-24T09:46:08+00:00\",\"mainEntityOfPage\":{\"@id\":\"https:\\\/\\\/www.golfdaro.com\\\/ca\\\/jornada-de-puertas-abiertas-enfocada-en-el-sector-hotelero-del-baix-emporda\\\/\"},\"wordCount\":575,\"commentCount\":0,\"publisher\":{\"@id\":\"https:\\\/\\\/www.golfdaro.com\\\/ca\\\/#organization\"},\"image\":{\"@id\":\"https:\\\/\\\/www.golfdaro.com\\\/ca\\\/jornada-de-puertas-abiertas-enfocada-en-el-sector-hotelero-del-baix-emporda\\\/#primaryimage\"},\"thumbnailUrl\":\"https:\\\/\\\/www.golfdaro.com\\\/wp-content\\\/uploads\\\/2021\\\/02\\\/Jornada-portes-obertes-Hotels-4.jpg\",\"articleSection\":[\"Activitats Club\"],\"inLanguage\":\"ca\",\"potentialAction\":[{\"@type\":\"CommentAction\",\"name\":\"Comment\",\"target\":[\"https:\\\/\\\/www.golfdaro.com\\\/ca\\\/jornada-de-puertas-abiertas-enfocada-en-el-sector-hotelero-del-baix-emporda\\\/#respond\"]}]},{\"@type\":\"WebPage\",\"@id\":\"https:\\\/\\\/www.golfdaro.com\\\/ca\\\/jornada-de-puertas-abiertas-enfocada-en-el-sector-hotelero-del-baix-emporda\\\/\",\"url\":\"https:\\\/\\\/www.golfdaro.com\\\/ca\\\/jornada-de-puertas-abiertas-enfocada-en-el-sector-hotelero-del-baix-emporda\\\/\",\"name\":\"Portes obertes - Club Golf d&#039;Aro\",\"isPartOf\":{\"@id\":\"https:\\\/\\\/www.golfdaro.com\\\/ca\\\/#website\"},\"primaryImageOfPage\":{\"@id\":\"https:\\\/\\\/www.golfdaro.com\\\/ca\\\/jornada-de-puertas-abiertas-enfocada-en-el-sector-hotelero-del-baix-emporda\\\/#primaryimage\"},\"image\":{\"@id\":\"https:\\\/\\\/www.golfdaro.com\\\/ca\\\/jornada-de-puertas-abiertas-enfocada-en-el-sector-hotelero-del-baix-emporda\\\/#primaryimage\"},\"thumbnailUrl\":\"https:\\\/\\\/www.golfdaro.com\\\/wp-content\\\/uploads\\\/2021\\\/02\\\/Jornada-portes-obertes-Hotels-4.jpg\",\"datePublished\":\"2020-10-04T08:11:39+00:00\",\"dateModified\":\"2022-07-24T09:46:08+00:00\",\"breadcrumb\":{\"@id\":\"https:\\\/\\\/www.golfdaro.com\\\/ca\\\/jornada-de-puertas-abiertas-enfocada-en-el-sector-hotelero-del-baix-emporda\\\/#breadcrumb\"},\"inLanguage\":\"ca\",\"potentialAction\":[{\"@type\":\"ReadAction\",\"target\":[\"https:\\\/\\\/www.golfdaro.com\\\/ca\\\/jornada-de-puertas-abiertas-enfocada-en-el-sector-hotelero-del-baix-emporda\\\/\"]}]},{\"@type\":\"ImageObject\",\"inLanguage\":\"ca\",\"@id\":\"https:\\\/\\\/www.golfdaro.com\\\/ca\\\/jornada-de-puertas-abiertas-enfocada-en-el-sector-hotelero-del-baix-emporda\\\/#primaryimage\",\"url\":\"https:\\\/\\\/www.golfdaro.com\\\/wp-content\\\/uploads\\\/2021\\\/02\\\/Jornada-portes-obertes-Hotels-4.jpg\",\"contentUrl\":\"https:\\\/\\\/www.golfdaro.com\\\/wp-content\\\/uploads\\\/2021\\\/02\\\/Jornada-portes-obertes-Hotels-4.jpg\",\"width\":800,\"height\":533},{\"@type\":\"BreadcrumbList\",\"@id\":\"https:\\\/\\\/www.golfdaro.com\\\/ca\\\/jornada-de-puertas-abiertas-enfocada-en-el-sector-hotelero-del-baix-emporda\\\/#breadcrumb\",\"itemListElement\":[{\"@type\":\"ListItem\",\"position\":1,\"name\":\"Portada\",\"item\":\"https:\\\/\\\/www.golfdaro.com\\\/ca\\\/\"},{\"@type\":\"ListItem\",\"position\":2,\"name\":\"Portes obertes\"}]},{\"@type\":\"WebSite\",\"@id\":\"https:\\\/\\\/www.golfdaro.com\\\/ca\\\/#website\",\"url\":\"https:\\\/\\\/www.golfdaro.com\\\/ca\\\/\",\"name\":\"Club Golf d&#039;Aro\",\"description\":\"Vistas Impresionantes. Sin interrupciones\",\"publisher\":{\"@id\":\"https:\\\/\\\/www.golfdaro.com\\\/ca\\\/#organization\"},\"potentialAction\":[{\"@type\":\"SearchAction\",\"target\":{\"@type\":\"EntryPoint\",\"urlTemplate\":\"https:\\\/\\\/www.golfdaro.com\\\/ca\\\/?s={search_term_string}\"},\"query-input\":{\"@type\":\"PropertyValueSpecification\",\"valueRequired\":true,\"valueName\":\"search_term_string\"}}],\"inLanguage\":\"ca\"},{\"@type\":\"Organization\",\"@id\":\"https:\\\/\\\/www.golfdaro.com\\\/ca\\\/#organization\",\"name\":\"Club Golf d'Aro - Mas Nou\",\"url\":\"https:\\\/\\\/www.golfdaro.com\\\/ca\\\/\",\"logo\":{\"@type\":\"ImageObject\",\"inLanguage\":\"ca\",\"@id\":\"https:\\\/\\\/www.golfdaro.com\\\/ca\\\/#\\\/schema\\\/logo\\\/image\\\/\",\"url\":\"https:\\\/\\\/www.golfdaro.com\\\/wp-content\\\/uploads\\\/2021\\\/01\\\/Logo-Golf-Aro-transparent.png\",\"contentUrl\":\"https:\\\/\\\/www.golfdaro.com\\\/wp-content\\\/uploads\\\/2021\\\/01\\\/Logo-Golf-Aro-transparent.png\",\"width\":100,\"height\":100,\"caption\":\"Club Golf d'Aro - Mas Nou\"},\"image\":{\"@id\":\"https:\\\/\\\/www.golfdaro.com\\\/ca\\\/#\\\/schema\\\/logo\\\/image\\\/\"},\"sameAs\":[\"https:\\\/\\\/www.facebook.com\\\/golfdaro\\\/\",\"https:\\\/\\\/x.com\\\/golfdaro\",\"https:\\\/\\\/www.instagram.com\\\/golfdaro\\\/\",\"https:\\\/\\\/www.youtube.com\\\/channel\\\/UC728WxtMLhPa1qUCnMemzLQ\"]},{\"@type\":\"Person\",\"@id\":\"https:\\\/\\\/www.golfdaro.com\\\/ca\\\/#\\\/schema\\\/person\\\/9bfd4c4a1660701897e65e8f0979ae17\",\"name\":\"admin@golfdaro.com\",\"image\":{\"@type\":\"ImageObject\",\"inLanguage\":\"ca\",\"@id\":\"https:\\\/\\\/secure.gravatar.com\\\/avatar\\\/396335ee79a2f113d3a8191c2bab483196e12f3204dc5e79afcd8cc58c5ceb76?s=96&d=mm&r=g\",\"url\":\"https:\\\/\\\/secure.gravatar.com\\\/avatar\\\/396335ee79a2f113d3a8191c2bab483196e12f3204dc5e79afcd8cc58c5ceb76?s=96&d=mm&r=g\",\"contentUrl\":\"https:\\\/\\\/secure.gravatar.com\\\/avatar\\\/396335ee79a2f113d3a8191c2bab483196e12f3204dc5e79afcd8cc58c5ceb76?s=96&d=mm&r=g\",\"caption\":\"admin@golfdaro.com\"},\"sameAs\":[\"https:\\\/\\\/www.golfdaro.com\",\"https:\\\/\\\/x.com\\\/soporte@lynkoo.com\"]}]}<\/script>\n<!-- \/ Yoast SEO plugin. -->","yoast_head_json":{"title":"Portes obertes - Club Golf d&#039;Aro","robots":{"index":"index","follow":"follow","max-snippet":"max-snippet:-1","max-image-preview":"max-image-preview:large","max-video-preview":"max-video-preview:-1"},"canonical":"https:\/\/www.golfdaro.com\/ca\/jornada-de-puertas-abiertas-enfocada-en-el-sector-hotelero-del-baix-emporda\/","og_locale":"ca_ES","og_type":"article","og_title":"Portes obertes - Club Golf d&#039;Aro","og_description":"Octubre 2020 - Jornada de portes obertes per al sector hoteler i de serveis del Baix Empord\u00e0 &hellip; Read More","og_url":"https:\/\/www.golfdaro.com\/ca\/jornada-de-puertas-abiertas-enfocada-en-el-sector-hotelero-del-baix-emporda\/","og_site_name":"Club Golf d&#039;Aro","article_publisher":"https:\/\/www.facebook.com\/golfdaro\/","article_published_time":"2020-10-04T08:11:39+00:00","article_modified_time":"2022-07-24T09:46:08+00:00","og_image":[{"width":800,"height":533,"url":"https:\/\/www.golfdaro.com\/wp-content\/uploads\/2021\/02\/Jornada-portes-obertes-Hotels-4.jpg","type":"image\/jpeg"}],"author":"admin@golfdaro.com","twitter_card":"summary_large_image","twitter_creator":"@soporte@lynkoo.com","twitter_site":"@golfdaro","twitter_misc":{"Escrit per":"admin@golfdaro.com","Temps estimat de lectura":"6 minuts"},"schema":{"@context":"https:\/\/schema.org","@graph":[{"@type":"Article","@id":"https:\/\/www.golfdaro.com\/ca\/jornada-de-puertas-abiertas-enfocada-en-el-sector-hotelero-del-baix-emporda\/#article","isPartOf":{"@id":"https:\/\/www.golfdaro.com\/ca\/jornada-de-puertas-abiertas-enfocada-en-el-sector-hotelero-del-baix-emporda\/"},"author":{"name":"admin@golfdaro.com","@id":"https:\/\/www.golfdaro.com\/ca\/#\/schema\/person\/9bfd4c4a1660701897e65e8f0979ae17"},"headline":"Portes obertes","datePublished":"2020-10-04T08:11:39+00:00","dateModified":"2022-07-24T09:46:08+00:00","mainEntityOfPage":{"@id":"https:\/\/www.golfdaro.com\/ca\/jornada-de-puertas-abiertas-enfocada-en-el-sector-hotelero-del-baix-emporda\/"},"wordCount":575,"commentCount":0,"publisher":{"@id":"https:\/\/www.golfdaro.com\/ca\/#organization"},"image":{"@id":"https:\/\/www.golfdaro.com\/ca\/jornada-de-puertas-abiertas-enfocada-en-el-sector-hotelero-del-baix-emporda\/#primaryimage"},"thumbnailUrl":"https:\/\/www.golfdaro.com\/wp-content\/uploads\/2021\/02\/Jornada-portes-obertes-Hotels-4.jpg","articleSection":["Activitats Club"],"inLanguage":"ca","potentialAction":[{"@type":"CommentAction","name":"Comment","target":["https:\/\/www.golfdaro.com\/ca\/jornada-de-puertas-abiertas-enfocada-en-el-sector-hotelero-del-baix-emporda\/#respond"]}]},{"@type":"WebPage","@id":"https:\/\/www.golfdaro.com\/ca\/jornada-de-puertas-abiertas-enfocada-en-el-sector-hotelero-del-baix-emporda\/","url":"https:\/\/www.golfdaro.com\/ca\/jornada-de-puertas-abiertas-enfocada-en-el-sector-hotelero-del-baix-emporda\/","name":"Portes obertes - Club Golf d&#039;Aro","isPartOf":{"@id":"https:\/\/www.golfdaro.com\/ca\/#website"},"primaryImageOfPage":{"@id":"https:\/\/www.golfdaro.com\/ca\/jornada-de-puertas-abiertas-enfocada-en-el-sector-hotelero-del-baix-emporda\/#primaryimage"},"image":{"@id":"https:\/\/www.golfdaro.com\/ca\/jornada-de-puertas-abiertas-enfocada-en-el-sector-hotelero-del-baix-emporda\/#primaryimage"},"thumbnailUrl":"https:\/\/www.golfdaro.com\/wp-content\/uploads\/2021\/02\/Jornada-portes-obertes-Hotels-4.jpg","datePublished":"2020-10-04T08:11:39+00:00","dateModified":"2022-07-24T09:46:08+00:00","breadcrumb":{"@id":"https:\/\/www.golfdaro.com\/ca\/jornada-de-puertas-abiertas-enfocada-en-el-sector-hotelero-del-baix-emporda\/#breadcrumb"},"inLanguage":"ca","potentialAction":[{"@type":"ReadAction","target":["https:\/\/www.golfdaro.com\/ca\/jornada-de-puertas-abiertas-enfocada-en-el-sector-hotelero-del-baix-emporda\/"]}]},{"@type":"ImageObject","inLanguage":"ca","@id":"https:\/\/www.golfdaro.com\/ca\/jornada-de-puertas-abiertas-enfocada-en-el-sector-hotelero-del-baix-emporda\/#primaryimage","url":"https:\/\/www.golfdaro.com\/wp-content\/uploads\/2021\/02\/Jornada-portes-obertes-Hotels-4.jpg","contentUrl":"https:\/\/www.golfdaro.com\/wp-content\/uploads\/2021\/02\/Jornada-portes-obertes-Hotels-4.jpg","width":800,"height":533},{"@type":"BreadcrumbList","@id":"https:\/\/www.golfdaro.com\/ca\/jornada-de-puertas-abiertas-enfocada-en-el-sector-hotelero-del-baix-emporda\/#breadcrumb","itemListElement":[{"@type":"ListItem","position":1,"name":"Portada","item":"https:\/\/www.golfdaro.com\/ca\/"},{"@type":"ListItem","position":2,"name":"Portes obertes"}]},{"@type":"WebSite","@id":"https:\/\/www.golfdaro.com\/ca\/#website","url":"https:\/\/www.golfdaro.com\/ca\/","name":"Club Golf d&#039;Aro","description":"Vistas Impresionantes. Sin interrupciones","publisher":{"@id":"https:\/\/www.golfdaro.com\/ca\/#organization"},"potentialAction":[{"@type":"SearchAction","target":{"@type":"EntryPoint","urlTemplate":"https:\/\/www.golfdaro.com\/ca\/?s={search_term_string}"},"query-input":{"@type":"PropertyValueSpecification","valueRequired":true,"valueName":"search_term_string"}}],"inLanguage":"ca"},{"@type":"Organization","@id":"https:\/\/www.golfdaro.com\/ca\/#organization","name":"Club Golf d'Aro - Mas Nou","url":"https:\/\/www.golfdaro.com\/ca\/","logo":{"@type":"ImageObject","inLanguage":"ca","@id":"https:\/\/www.golfdaro.com\/ca\/#\/schema\/logo\/image\/","url":"https:\/\/www.golfdaro.com\/wp-content\/uploads\/2021\/01\/Logo-Golf-Aro-transparent.png","contentUrl":"https:\/\/www.golfdaro.com\/wp-content\/uploads\/2021\/01\/Logo-Golf-Aro-transparent.png","width":100,"height":100,"caption":"Club Golf d'Aro - Mas Nou"},"image":{"@id":"https:\/\/www.golfdaro.com\/ca\/#\/schema\/logo\/image\/"},"sameAs":["https:\/\/www.facebook.com\/golfdaro\/","https:\/\/x.com\/golfdaro","https:\/\/www.instagram.com\/golfdaro\/","https:\/\/www.youtube.com\/channel\/UC728WxtMLhPa1qUCnMemzLQ"]},{"@type":"Person","@id":"https:\/\/www.golfdaro.com\/ca\/#\/schema\/person\/9bfd4c4a1660701897e65e8f0979ae17","name":"admin@golfdaro.com","image":{"@type":"ImageObject","inLanguage":"ca","@id":"https:\/\/secure.gravatar.com\/avatar\/396335ee79a2f113d3a8191c2bab483196e12f3204dc5e79afcd8cc58c5ceb76?s=96&d=mm&r=g","url":"https:\/\/secure.gravatar.com\/avatar\/396335ee79a2f113d3a8191c2bab483196e12f3204dc5e79afcd8cc58c5ceb76?s=96&d=mm&r=g","contentUrl":"https:\/\/secure.gravatar.com\/avatar\/396335ee79a2f113d3a8191c2bab483196e12f3204dc5e79afcd8cc58c5ceb76?s=96&d=mm&r=g","caption":"admin@golfdaro.com"},"sameAs":["https:\/\/www.golfdaro.com","https:\/\/x.com\/soporte@lynkoo.com"]}]}},"_links":{"self":[{"href":"https:\/\/www.golfdaro.com\/ca\/wp-json\/wp\/v2\/posts\/3225","targetHints":{"allow":["GET"]}}],"collection":[{"href":"https:\/\/www.golfdaro.com\/ca\/wp-json\/wp\/v2\/posts"}],"about":[{"href":"https:\/\/www.golfdaro.com\/ca\/wp-json\/wp\/v2\/types\/post"}],"author":[{"embeddable":true,"href":"https:\/\/www.golfdaro.com\/ca\/wp-json\/wp\/v2\/users\/1"}],"replies":[{"embeddable":true,"href":"https:\/\/www.golfdaro.com\/ca\/wp-json\/wp\/v2\/comments?post=3225"}],"version-history":[{"count":0,"href":"https:\/\/www.golfdaro.com\/ca\/wp-json\/wp\/v2\/posts\/3225\/revisions"}],"wp:featuredmedia":[{"embeddable":true,"href":"https:\/\/www.golfdaro.com\/ca\/wp-json\/wp\/v2\/media\/2006"}],"wp:attachment":[{"href":"https:\/\/www.golfdaro.com\/ca\/wp-json\/wp\/v2\/media?parent=3225"}],"wp:term":[{"taxonomy":"category","embeddable":true,"href":"https:\/\/www.golfdaro.com\/ca\/wp-json\/wp\/v2\/categories?post=3225"},{"taxonomy":"post_tag","embeddable":true,"href":"https:\/\/www.golfdaro.com\/ca\/wp-json\/wp\/v2\/tags?post=3225"}],"curies":[{"name":"wp","href":"https:\/\/api.w.org\/{rel}","templated":true}]}}