{"id":17217,"date":"2022-01-20T17:12:26","date_gmt":"2022-01-20T16:12:26","guid":{"rendered":"https:\/\/www.golfdaro.com\/equip-femeni-interclubs-femeni-de-catalunya\/"},"modified":"2022-01-20T17:15:38","modified_gmt":"2022-01-20T16:15:38","slug":"equip-femeni-interclubs-femeni-de-catalunya","status":"publish","type":"post","link":"https:\/\/www.golfdaro.com\/ca\/equip-femeni-interclubs-femeni-de-catalunya\/","title":{"rendered":"Equip Femen\u00ed &#8211; Interclubs Femen\u00ed de Catalunya"},"content":{"rendered":"\n<h2 class=\"wp-block-heading\">La Liguilla 2022<\/h2>\n\n<div style=\"height:13px\" aria-hidden=\"true\" class=\"wp-block-spacer\"><\/div>\n<div class=\"wp-block-post-date\"><time datetime=\"2022-01-20T17:12:26+01:00\">20 de gener de 2022<\/time><\/div>\n<p><\/p>\n\n<p class=\"has-text-align-left\">Avui ha comen\u00e7at la 48\u00aa Interclubs Femenina de Catalunya &#8211; Liguilla 2022, competici\u00f3 que el nostre equip femen\u00ed disputa des de 2018.<\/p>\n\n<p>Aquest any estrenem capitana amb Mercedes Soler. La resta de les jugadores de l&#8217;equip el formen:<\/p>\n\n<p>Katrin Dahm, Montse Llin\u00e9s, \u00c0ngels Navas, Nadine Deryst, Maria Padr\u00e9s, Roser Coll, Anna Oller, Patricia Maurey i Christiane Labadie.<\/p>\n\n<p>La primera prova s&#8217;ha jugat a l&#8217;Empord\u00e0 Golf, quedant les nostres jugadores en novena posici\u00f3 amb 9,5 puntos i 7 ups.<\/p>\n\n<p class=\"has-text-align-center\">\u00a1Bona temporada Noies!<\/p>\n\n<figure class=\"wp-block-gallery aligncenter columns-1 is-cropped wp-block-gallery-1 is-layout-flex wp-block-gallery-is-layout-flex\"><ul class=\"blocks-gallery-grid\"><li class=\"blocks-gallery-item\"><figure><img fetchpriority=\"high\" decoding=\"async\" width=\"1600\" height=\"738\" src=\"https:\/\/www.golfdaro.com\/wp-content\/uploads\/2022\/01\/WhatsApp-Image-2022-01-20-at-10.02.04-1.jpeg\" alt=\"\" data-id=\"17209\" data-full-url=\"https:\/\/www.golfdaro.com\/wp-content\/uploads\/2022\/01\/WhatsApp-Image-2022-01-20-at-10.02.04-1.jpeg\" data-link=\"https:\/\/www.golfdaro.com\/?attachment_id=17209\" class=\"wp-image-17210\" srcset=\"https:\/\/www.golfdaro.com\/wp-content\/uploads\/2022\/01\/WhatsApp-Image-2022-01-20-at-10.02.04-1.jpeg 1600w, https:\/\/www.golfdaro.com\/wp-content\/uploads\/2022\/01\/WhatsApp-Image-2022-01-20-at-10.02.04-1-600x277.jpeg 600w, https:\/\/www.golfdaro.com\/wp-content\/uploads\/2022\/01\/WhatsApp-Image-2022-01-20-at-10.02.04-1-300x138.jpeg 300w, https:\/\/www.golfdaro.com\/wp-content\/uploads\/2022\/01\/WhatsApp-Image-2022-01-20-at-10.02.04-1-1024x472.jpeg 1024w, https:\/\/www.golfdaro.com\/wp-content\/uploads\/2022\/01\/WhatsApp-Image-2022-01-20-at-10.02.04-1-768x354.jpeg 768w, https:\/\/www.golfdaro.com\/wp-content\/uploads\/2022\/01\/WhatsApp-Image-2022-01-20-at-10.02.04-1-1536x708.jpeg 1536w, https:\/\/www.golfdaro.com\/wp-content\/uploads\/2022\/01\/WhatsApp-Image-2022-01-20-at-10.02.04-1-100x46.jpeg 100w, https:\/\/www.golfdaro.com\/wp-content\/uploads\/2022\/01\/WhatsApp-Image-2022-01-20-at-10.02.04-1-173x80.jpeg 173w, https:\/\/www.golfdaro.com\/wp-content\/uploads\/2022\/01\/WhatsApp-Image-2022-01-20-at-10.02.04-1-394x182.jpeg 394w, https:\/\/www.golfdaro.com\/wp-content\/uploads\/2022\/01\/WhatsApp-Image-2022-01-20-at-10.02.04-1-915x422.jpeg 915w, https:\/\/www.golfdaro.com\/wp-content\/uploads\/2022\/01\/WhatsApp-Image-2022-01-20-at-10.02.04-1-1240x572.jpeg 1240w\" sizes=\"(max-width: 1600px) 100vw, 1600px\" \/><\/figure><\/li><\/ul><\/figure>\n<p><\/p>\n","protected":false},"excerpt":{"rendered":"<p>Avui ha comen\u00e7at la 48\u00aa Interclubs Femenina de Catalunya &#8211; Liguilla 2022, competici\u00f3 que el nostre equip femen\u00ed disputa des de 2018. &hellip; <a href=\"https:\/\/www.golfdaro.com\/ca\/equip-femeni-interclubs-femeni-de-catalunya\/\">Read More<\/a><\/p>\n","protected":false},"author":2,"featured_media":17206,"comment_status":"open","ping_status":"closed","sticky":false,"template":"","format":"standard","meta":{"_eb_attr":"","footnotes":""},"categories":[140],"tags":[],"class_list":["post-17217","post","type-post","status-publish","format-standard","has-post-thumbnail","hentry","category-equips-club-ca"],"yoast_head":"<!-- This site is optimized with the Yoast SEO plugin v27.4 - https:\/\/yoast.com\/product\/yoast-seo-wordpress\/ -->\n<title>Equip Femen\u00ed - Interclubs Femen\u00ed de Catalunya - Club Golf d&#039;Aro<\/title>\n<meta name=\"robots\" content=\"index, follow, max-snippet:-1, max-image-preview:large, max-video-preview:-1\" \/>\n<link rel=\"canonical\" href=\"https:\/\/www.golfdaro.com\/ca\/equip-femeni-interclubs-femeni-de-catalunya\/\" \/>\n<meta property=\"og:locale\" content=\"ca_ES\" \/>\n<meta property=\"og:type\" content=\"article\" \/>\n<meta property=\"og:title\" content=\"Equip Femen\u00ed - Interclubs Femen\u00ed de Catalunya - Club Golf d&#039;Aro\" \/>\n<meta property=\"og:description\" content=\"Avui ha comen\u00e7at la 48\u00aa Interclubs Femenina de Catalunya - Liguilla 2022, competici\u00f3 que el nostre equip femen\u00ed disputa des de 2018. &hellip; Read More\" \/>\n<meta property=\"og:url\" content=\"https:\/\/www.golfdaro.com\/ca\/equip-femeni-interclubs-femeni-de-catalunya\/\" \/>\n<meta property=\"og:site_name\" content=\"Club Golf d&#039;Aro\" \/>\n<meta property=\"article:publisher\" content=\"https:\/\/www.facebook.com\/golfdaro\/\" \/>\n<meta property=\"article:published_time\" content=\"2022-01-20T16:12:26+00:00\" \/>\n<meta property=\"article:modified_time\" content=\"2022-01-20T16:15:38+00:00\" \/>\n<meta property=\"og:image\" content=\"https:\/\/www.golfdaro.com\/wp-content\/uploads\/2022\/01\/WhatsApp-Image-2022-01-20-at-10.02.04.jpeg\" \/>\n\t<meta property=\"og:image:width\" content=\"1600\" \/>\n\t<meta property=\"og:image:height\" content=\"738\" \/>\n\t<meta property=\"og:image:type\" content=\"image\/jpeg\" \/>\n<meta name=\"author\" content=\"Golf d&#039;Aro\" \/>\n<meta name=\"twitter:card\" content=\"summary_large_image\" \/>\n<meta name=\"twitter:creator\" content=\"@soporte@lynkoo.com\" \/>\n<meta name=\"twitter:site\" content=\"@golfdaro\" \/>\n<meta name=\"twitter:label1\" content=\"Escrit per\" \/>\n\t<meta name=\"twitter:data1\" content=\"Golf d&#039;Aro\" \/>\n<script type=\"application\/ld+json\" class=\"yoast-schema-graph\">{\"@context\":\"https:\\\/\\\/schema.org\",\"@graph\":[{\"@type\":\"Article\",\"@id\":\"https:\\\/\\\/www.golfdaro.com\\\/ca\\\/equip-femeni-interclubs-femeni-de-catalunya\\\/#article\",\"isPartOf\":{\"@id\":\"https:\\\/\\\/www.golfdaro.com\\\/ca\\\/equip-femeni-interclubs-femeni-de-catalunya\\\/\"},\"author\":{\"name\":\"Golf d'Aro\",\"@id\":\"https:\\\/\\\/www.golfdaro.com\\\/ca\\\/#\\\/schema\\\/person\\\/980cd1eadf261947ed9cebb018f36fd2\"},\"headline\":\"Equip Femen\u00ed &#8211; Interclubs Femen\u00ed de Catalunya\",\"datePublished\":\"2022-01-20T16:12:26+00:00\",\"dateModified\":\"2022-01-20T16:15:38+00:00\",\"mainEntityOfPage\":{\"@id\":\"https:\\\/\\\/www.golfdaro.com\\\/ca\\\/equip-femeni-interclubs-femeni-de-catalunya\\\/\"},\"wordCount\":91,\"commentCount\":0,\"publisher\":{\"@id\":\"https:\\\/\\\/www.golfdaro.com\\\/ca\\\/#organization\"},\"image\":{\"@id\":\"https:\\\/\\\/www.golfdaro.com\\\/ca\\\/equip-femeni-interclubs-femeni-de-catalunya\\\/#primaryimage\"},\"thumbnailUrl\":\"https:\\\/\\\/www.golfdaro.com\\\/wp-content\\\/uploads\\\/2022\\\/01\\\/WhatsApp-Image-2022-01-20-at-10.02.04.jpeg\",\"articleSection\":[\"Equips Club\"],\"inLanguage\":\"ca\",\"potentialAction\":[{\"@type\":\"CommentAction\",\"name\":\"Comment\",\"target\":[\"https:\\\/\\\/www.golfdaro.com\\\/ca\\\/equip-femeni-interclubs-femeni-de-catalunya\\\/#respond\"]}]},{\"@type\":\"WebPage\",\"@id\":\"https:\\\/\\\/www.golfdaro.com\\\/ca\\\/equip-femeni-interclubs-femeni-de-catalunya\\\/\",\"url\":\"https:\\\/\\\/www.golfdaro.com\\\/ca\\\/equip-femeni-interclubs-femeni-de-catalunya\\\/\",\"name\":\"Equip Femen\u00ed - Interclubs Femen\u00ed de Catalunya - Club Golf d&#039;Aro\",\"isPartOf\":{\"@id\":\"https:\\\/\\\/www.golfdaro.com\\\/ca\\\/#website\"},\"primaryImageOfPage\":{\"@id\":\"https:\\\/\\\/www.golfdaro.com\\\/ca\\\/equip-femeni-interclubs-femeni-de-catalunya\\\/#primaryimage\"},\"image\":{\"@id\":\"https:\\\/\\\/www.golfdaro.com\\\/ca\\\/equip-femeni-interclubs-femeni-de-catalunya\\\/#primaryimage\"},\"thumbnailUrl\":\"https:\\\/\\\/www.golfdaro.com\\\/wp-content\\\/uploads\\\/2022\\\/01\\\/WhatsApp-Image-2022-01-20-at-10.02.04.jpeg\",\"datePublished\":\"2022-01-20T16:12:26+00:00\",\"dateModified\":\"2022-01-20T16:15:38+00:00\",\"breadcrumb\":{\"@id\":\"https:\\\/\\\/www.golfdaro.com\\\/ca\\\/equip-femeni-interclubs-femeni-de-catalunya\\\/#breadcrumb\"},\"inLanguage\":\"ca\",\"potentialAction\":[{\"@type\":\"ReadAction\",\"target\":[\"https:\\\/\\\/www.golfdaro.com\\\/ca\\\/equip-femeni-interclubs-femeni-de-catalunya\\\/\"]}]},{\"@type\":\"ImageObject\",\"inLanguage\":\"ca\",\"@id\":\"https:\\\/\\\/www.golfdaro.com\\\/ca\\\/equip-femeni-interclubs-femeni-de-catalunya\\\/#primaryimage\",\"url\":\"https:\\\/\\\/www.golfdaro.com\\\/wp-content\\\/uploads\\\/2022\\\/01\\\/WhatsApp-Image-2022-01-20-at-10.02.04.jpeg\",\"contentUrl\":\"https:\\\/\\\/www.golfdaro.com\\\/wp-content\\\/uploads\\\/2022\\\/01\\\/WhatsApp-Image-2022-01-20-at-10.02.04.jpeg\",\"width\":1600,\"height\":738},{\"@type\":\"BreadcrumbList\",\"@id\":\"https:\\\/\\\/www.golfdaro.com\\\/ca\\\/equip-femeni-interclubs-femeni-de-catalunya\\\/#breadcrumb\",\"itemListElement\":[{\"@type\":\"ListItem\",\"position\":1,\"name\":\"Portada\",\"item\":\"https:\\\/\\\/www.golfdaro.com\\\/ca\\\/\"},{\"@type\":\"ListItem\",\"position\":2,\"name\":\"Equip Femen\u00ed &#8211; Interclubs Femen\u00ed de Catalunya\"}]},{\"@type\":\"WebSite\",\"@id\":\"https:\\\/\\\/www.golfdaro.com\\\/ca\\\/#website\",\"url\":\"https:\\\/\\\/www.golfdaro.com\\\/ca\\\/\",\"name\":\"Club Golf d&#039;Aro\",\"description\":\"Vistas Impresionantes. Sin interrupciones\",\"publisher\":{\"@id\":\"https:\\\/\\\/www.golfdaro.com\\\/ca\\\/#organization\"},\"potentialAction\":[{\"@type\":\"SearchAction\",\"target\":{\"@type\":\"EntryPoint\",\"urlTemplate\":\"https:\\\/\\\/www.golfdaro.com\\\/ca\\\/?s={search_term_string}\"},\"query-input\":{\"@type\":\"PropertyValueSpecification\",\"valueRequired\":true,\"valueName\":\"search_term_string\"}}],\"inLanguage\":\"ca\"},{\"@type\":\"Organization\",\"@id\":\"https:\\\/\\\/www.golfdaro.com\\\/ca\\\/#organization\",\"name\":\"Club Golf d'Aro - Mas Nou\",\"url\":\"https:\\\/\\\/www.golfdaro.com\\\/ca\\\/\",\"logo\":{\"@type\":\"ImageObject\",\"inLanguage\":\"ca\",\"@id\":\"https:\\\/\\\/www.golfdaro.com\\\/ca\\\/#\\\/schema\\\/logo\\\/image\\\/\",\"url\":\"https:\\\/\\\/www.golfdaro.com\\\/wp-content\\\/uploads\\\/2021\\\/01\\\/Logo-Golf-Aro-transparent.png\",\"contentUrl\":\"https:\\\/\\\/www.golfdaro.com\\\/wp-content\\\/uploads\\\/2021\\\/01\\\/Logo-Golf-Aro-transparent.png\",\"width\":100,\"height\":100,\"caption\":\"Club Golf d'Aro - Mas Nou\"},\"image\":{\"@id\":\"https:\\\/\\\/www.golfdaro.com\\\/ca\\\/#\\\/schema\\\/logo\\\/image\\\/\"},\"sameAs\":[\"https:\\\/\\\/www.facebook.com\\\/golfdaro\\\/\",\"https:\\\/\\\/x.com\\\/golfdaro\",\"https:\\\/\\\/www.instagram.com\\\/golfdaro\\\/\",\"https:\\\/\\\/www.youtube.com\\\/channel\\\/UC728WxtMLhPa1qUCnMemzLQ\"]},{\"@type\":\"Person\",\"@id\":\"https:\\\/\\\/www.golfdaro.com\\\/ca\\\/#\\\/schema\\\/person\\\/980cd1eadf261947ed9cebb018f36fd2\",\"name\":\"Golf d'Aro\",\"image\":{\"@type\":\"ImageObject\",\"inLanguage\":\"ca\",\"@id\":\"https:\\\/\\\/secure.gravatar.com\\\/avatar\\\/0ce322bb7493e42975b90c95840cf0bdfbfb16945a84e02e411a08566e84f20b?s=96&d=mm&r=g\",\"url\":\"https:\\\/\\\/secure.gravatar.com\\\/avatar\\\/0ce322bb7493e42975b90c95840cf0bdfbfb16945a84e02e411a08566e84f20b?s=96&d=mm&r=g\",\"contentUrl\":\"https:\\\/\\\/secure.gravatar.com\\\/avatar\\\/0ce322bb7493e42975b90c95840cf0bdfbfb16945a84e02e411a08566e84f20b?s=96&d=mm&r=g\",\"caption\":\"Golf d'Aro\"},\"sameAs\":[\"https:\\\/\\\/x.com\\\/soporte@lynkoo.com\"]}]}<\/script>\n<!-- \/ Yoast SEO plugin. -->","yoast_head_json":{"title":"Equip Femen\u00ed - Interclubs Femen\u00ed de Catalunya - Club Golf d&#039;Aro","robots":{"index":"index","follow":"follow","max-snippet":"max-snippet:-1","max-image-preview":"max-image-preview:large","max-video-preview":"max-video-preview:-1"},"canonical":"https:\/\/www.golfdaro.com\/ca\/equip-femeni-interclubs-femeni-de-catalunya\/","og_locale":"ca_ES","og_type":"article","og_title":"Equip Femen\u00ed - Interclubs Femen\u00ed de Catalunya - Club Golf d&#039;Aro","og_description":"Avui ha comen\u00e7at la 48\u00aa Interclubs Femenina de Catalunya - Liguilla 2022, competici\u00f3 que el nostre equip femen\u00ed disputa des de 2018. &hellip; Read More","og_url":"https:\/\/www.golfdaro.com\/ca\/equip-femeni-interclubs-femeni-de-catalunya\/","og_site_name":"Club Golf d&#039;Aro","article_publisher":"https:\/\/www.facebook.com\/golfdaro\/","article_published_time":"2022-01-20T16:12:26+00:00","article_modified_time":"2022-01-20T16:15:38+00:00","og_image":[{"width":1600,"height":738,"url":"https:\/\/www.golfdaro.com\/wp-content\/uploads\/2022\/01\/WhatsApp-Image-2022-01-20-at-10.02.04.jpeg","type":"image\/jpeg"}],"author":"Golf d'Aro","twitter_card":"summary_large_image","twitter_creator":"@soporte@lynkoo.com","twitter_site":"@golfdaro","twitter_misc":{"Escrit per":"Golf d'Aro"},"schema":{"@context":"https:\/\/schema.org","@graph":[{"@type":"Article","@id":"https:\/\/www.golfdaro.com\/ca\/equip-femeni-interclubs-femeni-de-catalunya\/#article","isPartOf":{"@id":"https:\/\/www.golfdaro.com\/ca\/equip-femeni-interclubs-femeni-de-catalunya\/"},"author":{"name":"Golf d'Aro","@id":"https:\/\/www.golfdaro.com\/ca\/#\/schema\/person\/980cd1eadf261947ed9cebb018f36fd2"},"headline":"Equip Femen\u00ed &#8211; Interclubs Femen\u00ed de Catalunya","datePublished":"2022-01-20T16:12:26+00:00","dateModified":"2022-01-20T16:15:38+00:00","mainEntityOfPage":{"@id":"https:\/\/www.golfdaro.com\/ca\/equip-femeni-interclubs-femeni-de-catalunya\/"},"wordCount":91,"commentCount":0,"publisher":{"@id":"https:\/\/www.golfdaro.com\/ca\/#organization"},"image":{"@id":"https:\/\/www.golfdaro.com\/ca\/equip-femeni-interclubs-femeni-de-catalunya\/#primaryimage"},"thumbnailUrl":"https:\/\/www.golfdaro.com\/wp-content\/uploads\/2022\/01\/WhatsApp-Image-2022-01-20-at-10.02.04.jpeg","articleSection":["Equips Club"],"inLanguage":"ca","potentialAction":[{"@type":"CommentAction","name":"Comment","target":["https:\/\/www.golfdaro.com\/ca\/equip-femeni-interclubs-femeni-de-catalunya\/#respond"]}]},{"@type":"WebPage","@id":"https:\/\/www.golfdaro.com\/ca\/equip-femeni-interclubs-femeni-de-catalunya\/","url":"https:\/\/www.golfdaro.com\/ca\/equip-femeni-interclubs-femeni-de-catalunya\/","name":"Equip Femen\u00ed - Interclubs Femen\u00ed de Catalunya - Club Golf d&#039;Aro","isPartOf":{"@id":"https:\/\/www.golfdaro.com\/ca\/#website"},"primaryImageOfPage":{"@id":"https:\/\/www.golfdaro.com\/ca\/equip-femeni-interclubs-femeni-de-catalunya\/#primaryimage"},"image":{"@id":"https:\/\/www.golfdaro.com\/ca\/equip-femeni-interclubs-femeni-de-catalunya\/#primaryimage"},"thumbnailUrl":"https:\/\/www.golfdaro.com\/wp-content\/uploads\/2022\/01\/WhatsApp-Image-2022-01-20-at-10.02.04.jpeg","datePublished":"2022-01-20T16:12:26+00:00","dateModified":"2022-01-20T16:15:38+00:00","breadcrumb":{"@id":"https:\/\/www.golfdaro.com\/ca\/equip-femeni-interclubs-femeni-de-catalunya\/#breadcrumb"},"inLanguage":"ca","potentialAction":[{"@type":"ReadAction","target":["https:\/\/www.golfdaro.com\/ca\/equip-femeni-interclubs-femeni-de-catalunya\/"]}]},{"@type":"ImageObject","inLanguage":"ca","@id":"https:\/\/www.golfdaro.com\/ca\/equip-femeni-interclubs-femeni-de-catalunya\/#primaryimage","url":"https:\/\/www.golfdaro.com\/wp-content\/uploads\/2022\/01\/WhatsApp-Image-2022-01-20-at-10.02.04.jpeg","contentUrl":"https:\/\/www.golfdaro.com\/wp-content\/uploads\/2022\/01\/WhatsApp-Image-2022-01-20-at-10.02.04.jpeg","width":1600,"height":738},{"@type":"BreadcrumbList","@id":"https:\/\/www.golfdaro.com\/ca\/equip-femeni-interclubs-femeni-de-catalunya\/#breadcrumb","itemListElement":[{"@type":"ListItem","position":1,"name":"Portada","item":"https:\/\/www.golfdaro.com\/ca\/"},{"@type":"ListItem","position":2,"name":"Equip Femen\u00ed &#8211; Interclubs Femen\u00ed de Catalunya"}]},{"@type":"WebSite","@id":"https:\/\/www.golfdaro.com\/ca\/#website","url":"https:\/\/www.golfdaro.com\/ca\/","name":"Club Golf d&#039;Aro","description":"Vistas Impresionantes. Sin interrupciones","publisher":{"@id":"https:\/\/www.golfdaro.com\/ca\/#organization"},"potentialAction":[{"@type":"SearchAction","target":{"@type":"EntryPoint","urlTemplate":"https:\/\/www.golfdaro.com\/ca\/?s={search_term_string}"},"query-input":{"@type":"PropertyValueSpecification","valueRequired":true,"valueName":"search_term_string"}}],"inLanguage":"ca"},{"@type":"Organization","@id":"https:\/\/www.golfdaro.com\/ca\/#organization","name":"Club Golf d'Aro - Mas Nou","url":"https:\/\/www.golfdaro.com\/ca\/","logo":{"@type":"ImageObject","inLanguage":"ca","@id":"https:\/\/www.golfdaro.com\/ca\/#\/schema\/logo\/image\/","url":"https:\/\/www.golfdaro.com\/wp-content\/uploads\/2021\/01\/Logo-Golf-Aro-transparent.png","contentUrl":"https:\/\/www.golfdaro.com\/wp-content\/uploads\/2021\/01\/Logo-Golf-Aro-transparent.png","width":100,"height":100,"caption":"Club Golf d'Aro - Mas Nou"},"image":{"@id":"https:\/\/www.golfdaro.com\/ca\/#\/schema\/logo\/image\/"},"sameAs":["https:\/\/www.facebook.com\/golfdaro\/","https:\/\/x.com\/golfdaro","https:\/\/www.instagram.com\/golfdaro\/","https:\/\/www.youtube.com\/channel\/UC728WxtMLhPa1qUCnMemzLQ"]},{"@type":"Person","@id":"https:\/\/www.golfdaro.com\/ca\/#\/schema\/person\/980cd1eadf261947ed9cebb018f36fd2","name":"Golf d'Aro","image":{"@type":"ImageObject","inLanguage":"ca","@id":"https:\/\/secure.gravatar.com\/avatar\/0ce322bb7493e42975b90c95840cf0bdfbfb16945a84e02e411a08566e84f20b?s=96&d=mm&r=g","url":"https:\/\/secure.gravatar.com\/avatar\/0ce322bb7493e42975b90c95840cf0bdfbfb16945a84e02e411a08566e84f20b?s=96&d=mm&r=g","contentUrl":"https:\/\/secure.gravatar.com\/avatar\/0ce322bb7493e42975b90c95840cf0bdfbfb16945a84e02e411a08566e84f20b?s=96&d=mm&r=g","caption":"Golf d'Aro"},"sameAs":["https:\/\/x.com\/soporte@lynkoo.com"]}]}},"_links":{"self":[{"href":"https:\/\/www.golfdaro.com\/ca\/wp-json\/wp\/v2\/posts\/17217","targetHints":{"allow":["GET"]}}],"collection":[{"href":"https:\/\/www.golfdaro.com\/ca\/wp-json\/wp\/v2\/posts"}],"about":[{"href":"https:\/\/www.golfdaro.com\/ca\/wp-json\/wp\/v2\/types\/post"}],"author":[{"embeddable":true,"href":"https:\/\/www.golfdaro.com\/ca\/wp-json\/wp\/v2\/users\/2"}],"replies":[{"embeddable":true,"href":"https:\/\/www.golfdaro.com\/ca\/wp-json\/wp\/v2\/comments?post=17217"}],"version-history":[{"count":0,"href":"https:\/\/www.golfdaro.com\/ca\/wp-json\/wp\/v2\/posts\/17217\/revisions"}],"wp:featuredmedia":[{"embeddable":true,"href":"https:\/\/www.golfdaro.com\/ca\/wp-json\/wp\/v2\/media\/17206"}],"wp:attachment":[{"href":"https:\/\/www.golfdaro.com\/ca\/wp-json\/wp\/v2\/media?parent=17217"}],"wp:term":[{"taxonomy":"category","embeddable":true,"href":"https:\/\/www.golfdaro.com\/ca\/wp-json\/wp\/v2\/categories?post=17217"},{"taxonomy":"post_tag","embeddable":true,"href":"https:\/\/www.golfdaro.com\/ca\/wp-json\/wp\/v2\/tags?post=17217"}],"curies":[{"name":"wp","href":"https:\/\/api.w.org\/{rel}","templated":true}]}}